{"id":17748,"date":"2021-08-25T15:43:59","date_gmt":"2021-08-25T20:43:59","guid":{"rendered":"https:\/\/encuentroinformativo.com.mx\/?p=17748"},"modified":"2021-08-25T15:44:03","modified_gmt":"2021-08-25T20:44:03","slug":"acusan-persecucion-contra-presunto-implicado-en-crimen-de-juan-carlos-molina","status":"publish","type":"post","link":"https:\/\/encuentroinformativo.com.mx\/?p=17748","title":{"rendered":"Acusan persecuci\u00f3n contra presunto implicado en crimen de Juan Carlos Molina"},"content":{"rendered":"\n<p><strong>Dar\u00edo Pale<\/strong><\/p>\n\n\n\n<p>Xalapa, Ver.- Piden intervenci\u00f3n del Presidente y el Gobernador para que cese persecuci\u00f3n pol\u00edtica contra Itiel \u201cN\u201d, ya que fue detenido por estar presuntamente vinculado al cr\u00edmen de Juan Carlos Molina Palacios, Juez lo libera y lo vuelven a detener por dos cr\u00edmenes cometidos en 2018, por lo que la familia y la defensa denuncian amenazas de muerte.<\/p>\n\n\n\n<p>En conferencia de prensa realizada en conocido caf\u00e9 del centro de Xalapa, los abogados y organizaciones defensoras de derechos humanos solicitaron al gobierno de Veracruz el cese a la persecuci\u00f3n pol\u00edtica en contra del se\u00f1or Itiel \u201cN\u201d, acusado en primera instancia por el crimen del diputado local pri\u00edsta Juan Carlos Molina Palacios.<\/p>\n\n\n\n<p>El abogado Jos\u00e9 Manuel Guzm\u00e1n L\u00f3pez, explic\u00f3 que un juez de Veracruz emiti\u00f3 un auto de no vinculaci\u00f3n a proceso el pasado 20 de agosto de 2021 debido a la carencia de pruebas suficientes por el crimen del legislador.<\/p>\n\n\n\n<p>Expuso que la Fiscal\u00eda General del Estado contaba con un testigo, sin embargo, su declaraci\u00f3n fue obtenida bajo amenaza, por lo que a trav\u00e9s de un juicio de amparo se orden\u00f3 un nuevo auto de vinculaci\u00f3n a proceso excluyendo esas pruebas.<\/p>\n\n\n\n<p>Por eso es que el juez de control orden\u00f3 no vincularlo a proceso y que saliera en libertad de un Cefesero del estado de Oaxaca.<\/p>\n\n\n\n<p>Sin embargo, al salir fue ejecutada una nueva orden de aprehensi\u00f3n y se le intern\u00f3 en el Cereso de Cosamaloapan, por su probable responsabilidad de dos cr\u00edmenes cometidos en el 2018 y que no tienen nada que ver con el asesinato de Molina Palacios.<\/p>\n\n\n\n<p>El abogado expuso que por eso lo mantienen privado de su libertad y ser\u00e1 este jueves cuando se lleve a cabo la audiencia en donde ofrecer\u00e1n datos de prueba para probar su libertad.<\/p>\n\n\n\n<p>&#8220;Vamos a demostrar que \u00e9l no particip\u00f3 en ese hecho delictivo y nuevamente le vuelven a fabricar hechos con una carpeta de investigaci\u00f3n que no tiene ni pies ni cabeza. No s\u00e9 hicieron adecuadamente las necrocirug\u00edas, en fin, hay muchas irregularidades de forma y de fondo&#8221;, coment\u00f3.<\/p>\n\n\n\n<p>&#8220;Por el crimen del diputado esa carpeta carece de datos de prueba para incriminarlo a \u00e9l y a cualquier persona, porque hay personas que dicen que lo vieron a 150 metros, no hay una l\u00ednea de investigaci\u00f3n&#8221;, agreg\u00f3.<\/p>\n\n\n\n<p>Acusan a la Fiscal\u00eda de carecer de datos de investigaci\u00f3n para dar con los responsables, por lo que aclar\u00f3 que los nuevos hechos por los que tratan de incriminarlo no tienen nada que ver con el crimen del pri\u00edsta.<\/p>\n\n\n\n<p>Dijo que la defensa en estos d\u00edas ya han dado cuando menos con 10 personas m\u00e1s, &#8220;No sabemos por qu\u00e9 motivo quieren hacerlo. Estas muertes ocurren en un palenque en donde hab\u00eda mucha gente, pero resulta que solo tienen un testigo cuando hab\u00eda m\u00e1s de cien personas en el lugar&#8221;.<\/p>\n\n\n\n<p>Por ello, pregunt\u00f3 c\u00f3mo es posible que la Fiscal\u00eda solo tenga un testigo de 2018 a la fecha, asimismo, expres\u00f3 que no saben por qu\u00e9 Itiel Palacios fue recluido en un Cefesero, es decir, un penal federal de alta seguridad toda vez que se trata de un hecho del fuero local.<\/p>\n\n\n\n<p>Revel\u00f3 que la familia ha sido amenazada de muerte, incluso la defensa tambi\u00e9n ha sido amenazada, por lo que ya interpusieron las denuncias correspondientes, &#8220;nos dicen que nos van a privar de la vida, tanto \u00a0a nosotros como al se\u00f1or Itiel, desde luego por la vida del se\u00f1or Itiel. Nos amenazaron de que ya sab\u00edamos d\u00f3nde est\u00e1bamos, a d\u00f3nde lo iban a cambiar y que lo iban a regresar a un Cefesero &#8220;, a\u00f1adi\u00f3.<\/p>\n\n\n\n<p>Afirm\u00f3 que no saben qui\u00e9n est\u00e1 detr\u00e1s de todo esto, pero est\u00e1n seguros de que es alguien que tiene mucho poder pol\u00edtico, porque si fuera una cuesti\u00f3n jur\u00eddica, Itiel Palacios deber\u00eda estar en libertad, ya que a la fecha el acusado ya lleva m\u00e1s de 14 meses detenido entre el Cefereso de Oaxaca y el de Cosamaloapan.<\/p>\n\n\n\n<p>En ese sentido es que la familia est\u00e1 solicitando el apoyo de la Federaci\u00f3n, porque temen por su integridad f\u00edsica, pero sobre todo porque esto sale de la esfera de cualquier autoridad.<\/p>\n\n\n\n<p>Puntualiz\u00f3 que el \u00fanico testigo que hab\u00eda del crimen del diputado Juan Carlos Molina fue amenazado por personal de la Fiscal\u00eda General del Estado, por lo que interpuso denuncia ante la Fiscal\u00eda General de la Rep\u00fablica, adem\u00e1s existe una denuncia por todos los hechos narrados.<\/p>\n\n\n\n<p>Finalmente, expuso que la madre de Itiel, la se\u00f1ora Celina Garc\u00eda pidi\u00f3 la intervenci\u00f3n del Presidente para que cese la persecuci\u00f3n pol\u00edtica en contra de su hijo, y por otra parte, los integrantes de la organizaci\u00f3n Humanista por el Proceso Social advirtieron que de no encontrar justicia para Itiel Palacios montar\u00e1n un plant\u00f3n permanente frente a Palacio de Gobierno.<\/p>\n","protected":false},"excerpt":{"rendered":"<p>Dar\u00edo Pale Xalapa, Ver.- Piden intervenci\u00f3n del Presidente y el Gobernador para que cese persecuci\u00f3n pol\u00edtica contra Itiel \u201cN\u201d, ya que fue detenido por estar presuntamente vinculado al cr\u00edmen de Juan Carlos Molina Palacios, Juez lo libera y lo vuelven a detener por dos cr\u00edmenes cometidos en 2018, por lo que la familia y la [&hellip;]<\/p>\n","protected":false},"author":1,"featured_media":17749,"comment_status":"open","ping_status":"open","sticky":false,"template":"","format":"standard","meta":{"_jetpack_memberships_contains_paid_content":false,"footnotes":""},"categories":[2],"tags":[],"class_list":["post-17748","post","type-post","status-publish","format-standard","has-post-thumbnail","hentry","category-estado"],"jetpack_featured_media_url":"https:\/\/encuentroinformativo.com.mx\/wp-content\/uploads\/2021\/08\/A2AB3D58-C69F-4E19-9F32-5A284E9B6840.jpeg","jetpack_sharing_enabled":true,"jetpack_likes_enabled":true,"amp_enabled":true,"_links":{"self":[{"href":"https:\/\/encuentroinformativo.com.mx\/index.php?rest_route=\/wp\/v2\/posts\/17748","targetHints":{"allow":["GET"]}}],"collection":[{"href":"https:\/\/encuentroinformativo.com.mx\/index.php?rest_route=\/wp\/v2\/posts"}],"about":[{"href":"https:\/\/encuentroinformativo.com.mx\/index.php?rest_route=\/wp\/v2\/types\/post"}],"author":[{"embeddable":true,"href":"https:\/\/encuentroinformativo.com.mx\/index.php?rest_route=\/wp\/v2\/users\/1"}],"replies":[{"embeddable":true,"href":"https:\/\/encuentroinformativo.com.mx\/index.php?rest_route=%2Fwp%2Fv2%2Fcomments&post=17748"}],"version-history":[{"count":1,"href":"https:\/\/encuentroinformativo.com.mx\/index.php?rest_route=\/wp\/v2\/posts\/17748\/revisions"}],"predecessor-version":[{"id":17750,"href":"https:\/\/encuentroinformativo.com.mx\/index.php?rest_route=\/wp\/v2\/posts\/17748\/revisions\/17750"}],"wp:featuredmedia":[{"embeddable":true,"href":"https:\/\/encuentroinformativo.com.mx\/index.php?rest_route=\/wp\/v2\/media\/17749"}],"wp:attachment":[{"href":"https:\/\/encuentroinformativo.com.mx\/index.php?rest_route=%2Fwp%2Fv2%2Fmedia&parent=17748"}],"wp:term":[{"taxonomy":"category","embeddable":true,"href":"https:\/\/encuentroinformativo.com.mx\/index.php?rest_route=%2Fwp%2Fv2%2Fcategories&post=17748"},{"taxonomy":"post_tag","embeddable":true,"href":"https:\/\/encuentroinformativo.com.mx\/index.php?rest_route=%2Fwp%2Fv2%2Ftags&post=17748"}],"curies":[{"name":"wp","href":"https:\/\/api.w.org\/{rel}","templated":true}]}}