{"id":17755,"date":"2021-08-25T15:50:54","date_gmt":"2021-08-25T20:50:54","guid":{"rendered":"https:\/\/encuentroinformativo.com.mx\/?p=17755"},"modified":"2021-08-25T15:50:58","modified_gmt":"2021-08-25T20:50:58","slug":"sigue-activo-albergue-temporal-en-poza-rica","status":"publish","type":"post","link":"https:\/\/encuentroinformativo.com.mx\/?p=17755","title":{"rendered":"Sigue activo albergue temporal en Poza Rica"},"content":{"rendered":"\n<p><strong>Alejandro \u00c1vila<\/strong><\/p>\n\n\n\n<p>Poza Rica, Ver. \u2013 De los dos albergues que fueron habilitados en Poza Rica por el paso del hurac\u00e1n \u201cGrace\u201d, al d\u00eda de hoy solo el ubicado en la Casa de la Cultura sigue activo, mientras que el del Centro Comunitario \u201cLos Sauces\u201d ya ha sido suspendido.<\/p>\n\n\n\n<p>En total, se resguardaron a 80 personas en ambos espacios, inform\u00f3 la directora del DIF Municipal, Mar\u00eda Magdalena Lara Fuerte quien; adem\u00e1s, se\u00f1al\u00f3 que debido al alto n\u00famero de contagios de COVID 19 en el municipio, se tom\u00f3 especial precauci\u00f3n de ello y se habilit\u00f3 un espacio para personas confirmadas de COVID o con s\u00edntomas de COVID, a fin de evitar la propagaci\u00f3n del virus durante su resguardo.<\/p>\n\n\n\n<p>El albergue del Centro Comunitario \u201cLos Sauces\u201d, fue quien recibi\u00f3 a los familiares de los pacientes del Hospital de Poza Rica; mientras que en la Casa de la Cultura se hosped\u00f3 a las personas de colonias y localidades vulnerables.<\/p>\n\n\n\n<p>Al momento en Poza Rica de Hidalgo hay 1 280 casos sospechosos, 5 096 casos confirmados y 730 defunciones; cifra que se busca reducir lo antes posible.<\/p>\n\n\n\n<p>En los albergues se brindaron las atenciones b\u00e1sicas como alimentaci\u00f3n y atenci\u00f3n m\u00e9dica; en algunos casos se les brind\u00f3 colchonetas y cobijas, hasta ropa, el d\u00eda lunes, pues algunas personas sufrieron da\u00f1os graves en sus viviendas.<\/p>\n","protected":false},"excerpt":{"rendered":"<p>Alejandro \u00c1vila Poza Rica, Ver. \u2013 De los dos albergues que fueron habilitados en Poza Rica por el paso del hurac\u00e1n \u201cGrace\u201d, al d\u00eda de hoy solo el ubicado en la Casa de la Cultura sigue activo, mientras que el del Centro Comunitario \u201cLos Sauces\u201d ya ha sido suspendido. En total, se resguardaron a 80 [&hellip;]<\/p>\n","protected":false},"author":1,"featured_media":17756,"comment_status":"open","ping_status":"open","sticky":false,"template":"","format":"standard","meta":{"_jetpack_memberships_contains_paid_content":false,"footnotes":""},"categories":[9],"tags":[],"class_list":["post-17755","post","type-post","status-publish","format-standard","has-post-thumbnail","hentry","category-salud"],"jetpack_featured_media_url":"https:\/\/encuentroinformativo.com.mx\/wp-content\/uploads\/2021\/08\/2336957C-B23C-4517-9EBD-E7469F20479A.jpeg","jetpack_sharing_enabled":true,"jetpack_likes_enabled":true,"amp_enabled":true,"_links":{"self":[{"href":"https:\/\/encuentroinformativo.com.mx\/index.php?rest_route=\/wp\/v2\/posts\/17755","targetHints":{"allow":["GET"]}}],"collection":[{"href":"https:\/\/encuentroinformativo.com.mx\/index.php?rest_route=\/wp\/v2\/posts"}],"about":[{"href":"https:\/\/encuentroinformativo.com.mx\/index.php?rest_route=\/wp\/v2\/types\/post"}],"author":[{"embeddable":true,"href":"https:\/\/encuentroinformativo.com.mx\/index.php?rest_route=\/wp\/v2\/users\/1"}],"replies":[{"embeddable":true,"href":"https:\/\/encuentroinformativo.com.mx\/index.php?rest_route=%2Fwp%2Fv2%2Fcomments&post=17755"}],"version-history":[{"count":1,"href":"https:\/\/encuentroinformativo.com.mx\/index.php?rest_route=\/wp\/v2\/posts\/17755\/revisions"}],"predecessor-version":[{"id":17757,"href":"https:\/\/encuentroinformativo.com.mx\/index.php?rest_route=\/wp\/v2\/posts\/17755\/revisions\/17757"}],"wp:featuredmedia":[{"embeddable":true,"href":"https:\/\/encuentroinformativo.com.mx\/index.php?rest_route=\/wp\/v2\/media\/17756"}],"wp:attachment":[{"href":"https:\/\/encuentroinformativo.com.mx\/index.php?rest_route=%2Fwp%2Fv2%2Fmedia&parent=17755"}],"wp:term":[{"taxonomy":"category","embeddable":true,"href":"https:\/\/encuentroinformativo.com.mx\/index.php?rest_route=%2Fwp%2Fv2%2Fcategories&post=17755"},{"taxonomy":"post_tag","embeddable":true,"href":"https:\/\/encuentroinformativo.com.mx\/index.php?rest_route=%2Fwp%2Fv2%2Ftags&post=17755"}],"curies":[{"name":"wp","href":"https:\/\/api.w.org\/{rel}","templated":true}]}}