{"id":17758,"date":"2021-08-25T16:49:24","date_gmt":"2021-08-25T21:49:24","guid":{"rendered":"https:\/\/encuentroinformativo.com.mx\/?p=17758"},"modified":"2021-08-25T16:49:28","modified_gmt":"2021-08-25T21:49:28","slug":"alertan-de-posible-incremento-de-productos-del-campo","status":"publish","type":"post","link":"https:\/\/encuentroinformativo.com.mx\/?p=17758","title":{"rendered":"Alertan de posible incremento de productos del campo"},"content":{"rendered":"\n<p><strong>Alejandro \u00c1vila<\/strong><\/p>\n\n\n\n<p>Tuxpan, Ver. \u2013 Productores de la zona norte del Estado de Veracruz alertaron sobre el posible incremento de los diversos art\u00edculos que ofrecen y distribuyen por la entidad veracruzana y otros puntos del pa\u00eds, tras el paso del hurac\u00e1n \u201cGrace\u201d.<\/p>\n\n\n\n<p>Seg\u00fan el reporte preliminar, el cien por ciento de los cultivos del campo se perdieron por el paso del fen\u00f3meno natural; las cosechas quedaron inservibles para su lucro, informaron campesinos de la zona.<\/p>\n\n\n\n<p>El cultivo del ma\u00edz, arroz, frijol y diversos c\u00edtricos se vio afectado; incluso, en algunas partes hasta el ganado. Adem\u00e1s, se debe recordar que diversas carreteras a\u00fan est\u00e1n bloqueadas y se complica el apoyo a la brevedad para varias comunidades de municipios serranos.<\/p>\n\n\n\n<p>Los productores primarios dijeron desconocer de qu\u00e9 manera va a entrar en operaci\u00f3n el Programa Estatal del Seguro Catastr\u00f3fico por Da\u00f1os Siniestrados, mismo que en ocasiones anteriores con el ex secretario de SEDARPA, Eduardo Cadena Cer\u00f3n los apoyos fueron m\u00ednimos o nulos, debido a las presuntas nuevas reglas de operaci\u00f3n.<\/p>\n\n\n\n<p>Los afectados esperan que el seguro se haya contratado en los t\u00e9rminos de N\u00facleos Agrarios; mientras que ellos contin\u00faan con el levantamiento de da\u00f1os en sus respectivos cultivos, para de esta manera apoyar el censo y agilizar los tr\u00e1mites en caso de apoyo, al tiempo que se espera el pr\u00f3ximo viernes 27 de agosto se tenga una lista total de las afectaciones.<\/p>\n\n\n\n<p>El paso siguiente es enviar la documentaci\u00f3n a las instancias de gobierno, ya que tienen s\u00f3lo 7 d\u00edas para la entrega de la documentaci\u00f3n de las hect\u00e1reas siniestradas, n\u00famero de productores y cultivos afectados.<\/p>\n\n\n\n<p>El gobernador del Estado, Cuitl\u00e1huac Garc\u00eda Jim\u00e9nez ya confirm\u00f3 que son 60 municipios afectados por el paso del hurac\u00e1n \u201cGrace\u201d, siendo 24 con prioridad m\u00e1xima por el nivel de afectaciones.<\/p>\n","protected":false},"excerpt":{"rendered":"<p>Alejandro \u00c1vila Tuxpan, Ver. \u2013 Productores de la zona norte del Estado de Veracruz alertaron sobre el posible incremento de los diversos art\u00edculos que ofrecen y distribuyen por la entidad veracruzana y otros puntos del pa\u00eds, tras el paso del hurac\u00e1n \u201cGrace\u201d. Seg\u00fan el reporte preliminar, el cien por ciento de los cultivos del campo [&hellip;]<\/p>\n","protected":false},"author":1,"featured_media":17759,"comment_status":"open","ping_status":"open","sticky":false,"template":"","format":"standard","meta":{"_jetpack_memberships_contains_paid_content":false,"footnotes":""},"categories":[2],"tags":[],"class_list":["post-17758","post","type-post","status-publish","format-standard","has-post-thumbnail","hentry","category-estado"],"jetpack_featured_media_url":"https:\/\/encuentroinformativo.com.mx\/wp-content\/uploads\/2021\/08\/03A2E49D-A8FD-4BE8-AB91-AAF57DBFCBFF.jpeg","jetpack_sharing_enabled":true,"jetpack_likes_enabled":true,"amp_enabled":true,"_links":{"self":[{"href":"https:\/\/encuentroinformativo.com.mx\/index.php?rest_route=\/wp\/v2\/posts\/17758","targetHints":{"allow":["GET"]}}],"collection":[{"href":"https:\/\/encuentroinformativo.com.mx\/index.php?rest_route=\/wp\/v2\/posts"}],"about":[{"href":"https:\/\/encuentroinformativo.com.mx\/index.php?rest_route=\/wp\/v2\/types\/post"}],"author":[{"embeddable":true,"href":"https:\/\/encuentroinformativo.com.mx\/index.php?rest_route=\/wp\/v2\/users\/1"}],"replies":[{"embeddable":true,"href":"https:\/\/encuentroinformativo.com.mx\/index.php?rest_route=%2Fwp%2Fv2%2Fcomments&post=17758"}],"version-history":[{"count":1,"href":"https:\/\/encuentroinformativo.com.mx\/index.php?rest_route=\/wp\/v2\/posts\/17758\/revisions"}],"predecessor-version":[{"id":17760,"href":"https:\/\/encuentroinformativo.com.mx\/index.php?rest_route=\/wp\/v2\/posts\/17758\/revisions\/17760"}],"wp:featuredmedia":[{"embeddable":true,"href":"https:\/\/encuentroinformativo.com.mx\/index.php?rest_route=\/wp\/v2\/media\/17759"}],"wp:attachment":[{"href":"https:\/\/encuentroinformativo.com.mx\/index.php?rest_route=%2Fwp%2Fv2%2Fmedia&parent=17758"}],"wp:term":[{"taxonomy":"category","embeddable":true,"href":"https:\/\/encuentroinformativo.com.mx\/index.php?rest_route=%2Fwp%2Fv2%2Fcategories&post=17758"},{"taxonomy":"post_tag","embeddable":true,"href":"https:\/\/encuentroinformativo.com.mx\/index.php?rest_route=%2Fwp%2Fv2%2Ftags&post=17758"}],"curies":[{"name":"wp","href":"https:\/\/api.w.org\/{rel}","templated":true}]}}