{"id":17761,"date":"2021-08-25T16:53:48","date_gmt":"2021-08-25T21:53:48","guid":{"rendered":"https:\/\/encuentroinformativo.com.mx\/?p=17761"},"modified":"2021-08-25T16:53:52","modified_gmt":"2021-08-25T21:53:52","slug":"terna-para-rectoria-sin-equidad-rocio-ojeda","status":"publish","type":"post","link":"https:\/\/encuentroinformativo.com.mx\/?p=17761","title":{"rendered":"Terna para Rector\u00eda sin equidad: Roc\u00edo Ojeda"},"content":{"rendered":"\n<p><strong>Alejandro \u00c1vila<\/strong><\/p>\n\n\n\n<p>Veracruz, Ver. \u2013 La catedr\u00e1tica Roc\u00edo Ojeda Callado, critic\u00f3 fuertemente a trav\u00e9s de redes sociales a la Junta de Gobierno de la Universidad Veracruzana por no respetar la equidad de g\u00e9nero al momento de tomar la decisi\u00f3n de los tres finalistas para la Rector\u00eda de la m\u00e1xima casa de estudios de la entidad.<\/p>\n\n\n\n<p>En ese sentido, expuso con molestia la selecci\u00f3n de Mart\u00edn Aguilar S\u00e1nchez, H\u00e9ctor Francisco Coronel Brizio y Jorge Manzo Denes; quienes ser\u00e1n los aspirantes finales para suplir a Sara Ladr\u00f3n de Guevara, aclarando que no duda de su capacidad acad\u00e9mica y administrativa, sino acusa la falta de la inclusi\u00f3n de una mujer.<\/p>\n\n\n\n<p>\u201cLamentablemente en dicha terna no se puede observar los valores que en el discurso caracterizan a la UV, como son la inclusi\u00f3n y la equidad de g\u00e9nero, ya que dicha terna solo est\u00e1 integrada por varones, lo que evidencia el car\u00e1cter mis\u00f3gino con que fue estructurada. La verdad es que me apena que de esta manera pongan en entredicho la capacidad de las mujeres\u201d, asest\u00f3.<\/p>\n\n\n\n<p>En el video, la catedr\u00e1tica de la Facultad de Ciencias y T\u00e9cnicas de la Comunicaci\u00f3n agradeci\u00f3 tambi\u00e9n a los investigadores, acad\u00e9micos, egresados y estudiantes que fueron parte de su proyecto.<\/p>\n","protected":false},"excerpt":{"rendered":"<p>Alejandro \u00c1vila Veracruz, Ver. \u2013 La catedr\u00e1tica Roc\u00edo Ojeda Callado, critic\u00f3 fuertemente a trav\u00e9s de redes sociales a la Junta de Gobierno de la Universidad Veracruzana por no respetar la equidad de g\u00e9nero al momento de tomar la decisi\u00f3n de los tres finalistas para la Rector\u00eda de la m\u00e1xima casa de estudios de la entidad. [&hellip;]<\/p>\n","protected":false},"author":1,"featured_media":17762,"comment_status":"open","ping_status":"open","sticky":false,"template":"","format":"standard","meta":{"_jetpack_memberships_contains_paid_content":false,"footnotes":""},"categories":[2],"tags":[],"class_list":["post-17761","post","type-post","status-publish","format-standard","has-post-thumbnail","hentry","category-estado"],"jetpack_featured_media_url":"https:\/\/encuentroinformativo.com.mx\/wp-content\/uploads\/2021\/08\/00FDAC65-588B-46E1-BC83-7B3D26B8FCD9.jpeg","jetpack_sharing_enabled":true,"jetpack_likes_enabled":true,"amp_enabled":true,"_links":{"self":[{"href":"https:\/\/encuentroinformativo.com.mx\/index.php?rest_route=\/wp\/v2\/posts\/17761","targetHints":{"allow":["GET"]}}],"collection":[{"href":"https:\/\/encuentroinformativo.com.mx\/index.php?rest_route=\/wp\/v2\/posts"}],"about":[{"href":"https:\/\/encuentroinformativo.com.mx\/index.php?rest_route=\/wp\/v2\/types\/post"}],"author":[{"embeddable":true,"href":"https:\/\/encuentroinformativo.com.mx\/index.php?rest_route=\/wp\/v2\/users\/1"}],"replies":[{"embeddable":true,"href":"https:\/\/encuentroinformativo.com.mx\/index.php?rest_route=%2Fwp%2Fv2%2Fcomments&post=17761"}],"version-history":[{"count":1,"href":"https:\/\/encuentroinformativo.com.mx\/index.php?rest_route=\/wp\/v2\/posts\/17761\/revisions"}],"predecessor-version":[{"id":17763,"href":"https:\/\/encuentroinformativo.com.mx\/index.php?rest_route=\/wp\/v2\/posts\/17761\/revisions\/17763"}],"wp:featuredmedia":[{"embeddable":true,"href":"https:\/\/encuentroinformativo.com.mx\/index.php?rest_route=\/wp\/v2\/media\/17762"}],"wp:attachment":[{"href":"https:\/\/encuentroinformativo.com.mx\/index.php?rest_route=%2Fwp%2Fv2%2Fmedia&parent=17761"}],"wp:term":[{"taxonomy":"category","embeddable":true,"href":"https:\/\/encuentroinformativo.com.mx\/index.php?rest_route=%2Fwp%2Fv2%2Fcategories&post=17761"},{"taxonomy":"post_tag","embeddable":true,"href":"https:\/\/encuentroinformativo.com.mx\/index.php?rest_route=%2Fwp%2Fv2%2Ftags&post=17761"}],"curies":[{"name":"wp","href":"https:\/\/api.w.org\/{rel}","templated":true}]}}