{"id":17769,"date":"2021-08-26T09:41:50","date_gmt":"2021-08-26T14:41:50","guid":{"rendered":"https:\/\/encuentroinformativo.com.mx\/?p=17769"},"modified":"2021-08-26T09:41:53","modified_gmt":"2021-08-26T14:41:53","slug":"la-caida-de-bola-8","status":"publish","type":"post","link":"https:\/\/encuentroinformativo.com.mx\/?p=17769","title":{"rendered":"La ca\u00edda de Bola 8"},"content":{"rendered":"\n<p><strong>Los Pol\u00edticos<\/strong><\/p>\n\n\n\n<p><strong>Salvador Mu\u00f1oz<\/strong><\/p>\n\n\n\n<p>La ca\u00edda del helic\u00f3ptero donde viajaba el secretario de Gobierno, Turismo, Parques y Jardines y lo que se ofrezca, Eric Cisneros Burgos, sacudi\u00f3 a Veracruz\u2026 no es broma; bueno: s\u00ed, pero es en serio.<\/p>\n\n\n\n<p>Hubo cantidad de comentarios en broma o cargados de mala leche que en aras de no fomentar a los \u201chaters\u201d (qu\u00e9 mamal\u00f3n me veo con mis domingueras: Haters, usuarios de la red que difaman, desprecian o critican destructivamente a una persona), s\u00f3lo comentaremos las bromas, incluso las crueles:<\/p>\n\n\n\n<p>* Son tan malos los de la Cuatro T que cuando sufren un accidente a\u00e9reo, sobreviven\u2026 \u00a1aprendan a los panistas!<\/p>\n\n\n\n<p>* Los motivos que originaron la ca\u00edda del helic\u00f3ptero es porque iba un \u201cCaca Grande\u201d de Veracruz.<\/p>\n\n\n\n<p>* Llevaba sobrepeso el helic\u00f3ptero\u2026<\/p>\n\n\n\n<p>* \u00bfY qu\u00e9 hac\u00eda solo el secretario de Gobierno sin el Gobernador y el Presidente? \u00a1Qu\u00e9 poco solidarios!<\/p>\n\n\n\n<p>* \u2013Con este percance, ser\u00e1 m\u00e1s dulce el secretario de Gobierno\u2026<br>\u2013\u00bfRecapacit\u00f3 su actuar en ese momento en que su vida estuvo en peligro?<\/p>\n\n\n\n<p>\u2013No, porque de seguro, del susto, le cae az\u00facar.<\/p>\n\n\n\n<p>* \u00bfQu\u00e9 tom\u00f3 Bola 8 pa\u2019l susto? \u00a1Un 4T\u00e9 de Tila!<\/p>\n\n\n\n<p>* Es la primera vez para la Oposici\u00f3n que Bola 8 les cae en gracia\u2026<\/p>\n\n\n\n<p>* Zenyazen, \u00a1\u00e9stos s\u00ed son accidentes! \u00a1No como los de tu patita!<\/p>\n\n\n\n<p>* Que Zenyazen se lastim\u00f3 la patita haciendo el Helic\u00f3ptero\u2026 ya ni les digo con qui\u00e9n&#8230;<\/p>\n\n\n\n<p>* De acuerdo al informe de Semar, Bola 8 fue el \u00fanico que no cay\u00f3\u2026 \u00a1rebot\u00f3!<\/p>\n\n\n\n<p>* Cay\u00f3 Bola 8 como los inversionistas de El Cuenque\u00f1o que tambi\u00e9n cayeron en sus mentiras\u2026<\/p>\n\n\n\n<p>* Que cuando sali\u00f3 del helic\u00f3ptero dijo que no se cay\u00f3\u2026 \u201cas\u00ed nos bajamos los de la 4T!!\u201d<\/p>\n\n\n\n<p>* Sinceramente a los veracruzanos les importa m\u00e1s la ca\u00edda de Facebook, Twitter o Whatsapp que la de Bola 8!<\/p>\n\n\n\n<p>* Son m\u00e1s dram\u00e1ticas las ca\u00eddas de Neymar que la de Bola 8\u2026 aunque ninguna de las dos se compara con la de Robben en el Mundial de Brasil: \u00a1No era penal!<\/p>\n\n\n\n<p>* Quien aprende de sus ca\u00eddas, no se ha equivocado: Pr\u00f3xima Perla de Bola 8.<\/p>\n\n\n\n<p>* Las malditas comparaciones: El Helic\u00f3ptero del Amor de T\u00edo Fide nunca tuvo desperfectos; ni tampoco el de Duarte cuando lo mandaban por las tortas de La Rielera.<\/p>\n\n\n\n<p>* Reporte de Semar: Lo \u00faltimo que oy\u00f3 el Piloto decir a Bola 8 fue: \u201cVoy a apagar el ventilador porque est\u00e1 haciendo mucho fr\u00edo\u201d&#8230;<\/p>\n\n\n\n<p>* Lo positivo del accidente para Bola 8 es que ya tiene cuello\u2026 ortop\u00e9dico, pero es cuello.<\/p>\n\n\n\n<p>* El procurador de Medio Ambiente, Sergio Rodr\u00edguez Cort\u00e9s, piensa ponerle multa a Semar por arrojar basura desde el helic\u00f3ptero.<\/p>\n\n\n\n<p>S\u00ed, algunas personas pueden considerar algunos puntos de los citados como parte de los \u201cHaters\u201d, pero cr\u00e9anme que lo plasmado ac\u00e1, es m\u00e1s blanco que el p\u00e1lido que ha de haber agarrado el secretario de Gobierno cuando vio que el helic\u00f3ptero se ven\u00eda abajo.<\/p>\n\n\n\n<p><strong>II<\/strong>\u00a0<\/p>\n\n\n\n<p>\u201cNo soy tu compa\u00f1era, \u00a1soy tu compa\u00f1ere!\u201d<\/p>\n\n\n\n<p>Entonces, lo comprend\u00ed. Una luz cay\u00f3 sobre mi cabeze: La Mujer me dice \u201cAmore\u201d \u00bfporque es No Binaria? \u00a1Chingao! Y yo que la ve\u00eda tan sexy hablando italiano, as\u00ed, igualito a Homero ante su Morticia amada (\u00bfo Amade?) cuando le hablaba en franc\u00e9s.<\/p>\n\n\n\n<p><a href=\"mailto:smcainito@gmail.com\" target=\"_blank\" rel=\"noreferrer noopener\">smcainito@gmail.com<\/a><\/p>\n","protected":false},"excerpt":{"rendered":"<p>Los Pol\u00edticos Salvador Mu\u00f1oz La ca\u00edda del helic\u00f3ptero donde viajaba el secretario de Gobierno, Turismo, Parques y Jardines y lo que se ofrezca, Eric Cisneros Burgos, sacudi\u00f3 a Veracruz\u2026 no es broma; bueno: s\u00ed, pero es en serio. Hubo cantidad de comentarios en broma o cargados de mala leche que en aras de no fomentar [&hellip;]<\/p>\n","protected":false},"author":1,"featured_media":387,"comment_status":"open","ping_status":"open","sticky":false,"template":"","format":"standard","meta":{"_jetpack_memberships_contains_paid_content":false,"footnotes":""},"categories":[11],"tags":[],"class_list":["post-17769","post","type-post","status-publish","format-standard","has-post-thumbnail","hentry","category-opinion"],"jetpack_featured_media_url":"https:\/\/encuentroinformativo.com.mx\/wp-content\/uploads\/2020\/03\/7CF8A22B-2764-47BE-8F7F-38FE9E5D6A2F.jpeg","jetpack_sharing_enabled":true,"jetpack_likes_enabled":true,"amp_enabled":true,"_links":{"self":[{"href":"https:\/\/encuentroinformativo.com.mx\/index.php?rest_route=\/wp\/v2\/posts\/17769","targetHints":{"allow":["GET"]}}],"collection":[{"href":"https:\/\/encuentroinformativo.com.mx\/index.php?rest_route=\/wp\/v2\/posts"}],"about":[{"href":"https:\/\/encuentroinformativo.com.mx\/index.php?rest_route=\/wp\/v2\/types\/post"}],"author":[{"embeddable":true,"href":"https:\/\/encuentroinformativo.com.mx\/index.php?rest_route=\/wp\/v2\/users\/1"}],"replies":[{"embeddable":true,"href":"https:\/\/encuentroinformativo.com.mx\/index.php?rest_route=%2Fwp%2Fv2%2Fcomments&post=17769"}],"version-history":[{"count":1,"href":"https:\/\/encuentroinformativo.com.mx\/index.php?rest_route=\/wp\/v2\/posts\/17769\/revisions"}],"predecessor-version":[{"id":17770,"href":"https:\/\/encuentroinformativo.com.mx\/index.php?rest_route=\/wp\/v2\/posts\/17769\/revisions\/17770"}],"wp:featuredmedia":[{"embeddable":true,"href":"https:\/\/encuentroinformativo.com.mx\/index.php?rest_route=\/wp\/v2\/media\/387"}],"wp:attachment":[{"href":"https:\/\/encuentroinformativo.com.mx\/index.php?rest_route=%2Fwp%2Fv2%2Fmedia&parent=17769"}],"wp:term":[{"taxonomy":"category","embeddable":true,"href":"https:\/\/encuentroinformativo.com.mx\/index.php?rest_route=%2Fwp%2Fv2%2Fcategories&post=17769"},{"taxonomy":"post_tag","embeddable":true,"href":"https:\/\/encuentroinformativo.com.mx\/index.php?rest_route=%2Fwp%2Fv2%2Ftags&post=17769"}],"curies":[{"name":"wp","href":"https:\/\/api.w.org\/{rel}","templated":true}]}}