{"id":17771,"date":"2021-08-26T11:03:19","date_gmt":"2021-08-26T16:03:19","guid":{"rendered":"https:\/\/encuentroinformativo.com.mx\/?p=17771"},"modified":"2021-08-26T11:03:22","modified_gmt":"2021-08-26T16:03:22","slug":"inician-censo-de-afectados-por-grace","status":"publish","type":"post","link":"https:\/\/encuentroinformativo.com.mx\/?p=17771","title":{"rendered":"Inician censo de afectados por Grace"},"content":{"rendered":"\n<p><strong>Dar\u00edo Pale<\/strong><\/p>\n\n\n\n<p>Xalapa, Ver.- El delegado de los programas del Bienestar en Veracruz, Manuel Huerta Ladr\u00f3n de Guevara, dio a conocer que este d\u00eda inicia el censo para que el Gobierno Federal atienda los da\u00f1os provocados por el paso del hurac\u00e1n Grace, en 28 municipios del norte del estado, incluyendo la zona costera y la sierra.<\/p>\n\n\n\n<p>En entrevista coment\u00f3 que se trata de los 22 que se incluyeron en la Declaratoria de Emergencia al inicio de las afectaciones y 6 m\u00e1s, donde se concentran las afectaciones m\u00e1s severas provocados por el viento y lluvia principalmente.<\/p>\n\n\n\n<p>Lo anterior se debe a que tras el anuncio de esta estrategia que hizo el presidente Andr\u00e9s Manuel L\u00f3pez Obrador durante su conferencia ma\u00f1anera en Xalapa, durante este d\u00eda se conformaron 100 brigadas y mil 300 Servidores de la Naci\u00f3n.<\/p>\n\n\n\n<p>&#8220;Vamos a ir desarroll\u00e1ndonos de acuerdo a las prioridades, a las rutas, al avance de la elaboraci\u00f3n del censo. Tenemos el compromiso de que el martes tiene que estar listo para una reuni\u00f3n con el Presidente y revisarlo a fondo, la magnitud grande de estos resultados del censo y poder determinar el plan de apoyo a los afectados&#8221;, coment\u00f3.<\/p>\n\n\n\n<p>Adem\u00e1s de las viviendas, se registrar\u00e1n y reportaran afectaciones que tuvieron prestadores de servicios en la zona costera y da\u00f1os al campo, el apoyo ser\u00e1 de acuerdo al nivel de afectaci\u00f3n, precis\u00f3 Manuel Huerta.<\/p>\n\n\n\n<p>El apoyo ser\u00e1 sin intermediarios y a trav\u00e9s de las \u00e1reas que los gobiernos federal y estatal determinen, sin intermediarios, precis\u00f3 Manuel Huerta.<\/p>\n\n\n\n<p>Destac\u00f3 que los brigadistas tienen la estrategia para llegar a las zonas afectadas a pesar de la dificultad que prevalece tras las da\u00f1os en v\u00edas de comunicaci\u00f3n, lo que hizo que el presidente L\u00f3pez Obrador encomendara esta estrategia a la Secretar\u00eda del Bienestar.<\/p>\n\n\n\n<p>Finalmente cabe se\u00f1alar que en el Instituto Tecnol\u00f3gico Superior de Poza Rica fue donde se organiz\u00f3 este censo en una reuni\u00f3n en la que participaron Javier May Rodr\u00edguez, Secretario de Bienestar, Ariadna Montiel Reyes, Subsecretaria de Bienestar; Guadalupe Osorno Maldonado, Secretaria de Protecci\u00f3n Civil y Guillermo Fern\u00e1ndez S\u00e1nchez, Secretario de Desarrollo Social en el estado.<\/p>\n","protected":false},"excerpt":{"rendered":"<p>Dar\u00edo Pale Xalapa, Ver.- El delegado de los programas del Bienestar en Veracruz, Manuel Huerta Ladr\u00f3n de Guevara, dio a conocer que este d\u00eda inicia el censo para que el Gobierno Federal atienda los da\u00f1os provocados por el paso del hurac\u00e1n Grace, en 28 municipios del norte del estado, incluyendo la zona costera y la [&hellip;]<\/p>\n","protected":false},"author":1,"featured_media":17772,"comment_status":"open","ping_status":"open","sticky":false,"template":"","format":"standard","meta":{"_jetpack_memberships_contains_paid_content":false,"footnotes":""},"categories":[2],"tags":[],"class_list":["post-17771","post","type-post","status-publish","format-standard","has-post-thumbnail","hentry","category-estado"],"jetpack_featured_media_url":"https:\/\/encuentroinformativo.com.mx\/wp-content\/uploads\/2021\/08\/58FC6C93-241F-402A-BADA-F3FB02E2E371.jpeg","jetpack_sharing_enabled":true,"jetpack_likes_enabled":true,"amp_enabled":true,"_links":{"self":[{"href":"https:\/\/encuentroinformativo.com.mx\/index.php?rest_route=\/wp\/v2\/posts\/17771","targetHints":{"allow":["GET"]}}],"collection":[{"href":"https:\/\/encuentroinformativo.com.mx\/index.php?rest_route=\/wp\/v2\/posts"}],"about":[{"href":"https:\/\/encuentroinformativo.com.mx\/index.php?rest_route=\/wp\/v2\/types\/post"}],"author":[{"embeddable":true,"href":"https:\/\/encuentroinformativo.com.mx\/index.php?rest_route=\/wp\/v2\/users\/1"}],"replies":[{"embeddable":true,"href":"https:\/\/encuentroinformativo.com.mx\/index.php?rest_route=%2Fwp%2Fv2%2Fcomments&post=17771"}],"version-history":[{"count":1,"href":"https:\/\/encuentroinformativo.com.mx\/index.php?rest_route=\/wp\/v2\/posts\/17771\/revisions"}],"predecessor-version":[{"id":17773,"href":"https:\/\/encuentroinformativo.com.mx\/index.php?rest_route=\/wp\/v2\/posts\/17771\/revisions\/17773"}],"wp:featuredmedia":[{"embeddable":true,"href":"https:\/\/encuentroinformativo.com.mx\/index.php?rest_route=\/wp\/v2\/media\/17772"}],"wp:attachment":[{"href":"https:\/\/encuentroinformativo.com.mx\/index.php?rest_route=%2Fwp%2Fv2%2Fmedia&parent=17771"}],"wp:term":[{"taxonomy":"category","embeddable":true,"href":"https:\/\/encuentroinformativo.com.mx\/index.php?rest_route=%2Fwp%2Fv2%2Fcategories&post=17771"},{"taxonomy":"post_tag","embeddable":true,"href":"https:\/\/encuentroinformativo.com.mx\/index.php?rest_route=%2Fwp%2Fv2%2Ftags&post=17771"}],"curies":[{"name":"wp","href":"https:\/\/api.w.org\/{rel}","templated":true}]}}