{"id":17774,"date":"2021-08-26T11:40:42","date_gmt":"2021-08-26T16:40:42","guid":{"rendered":"https:\/\/encuentroinformativo.com.mx\/?p=17774"},"modified":"2021-08-26T11:40:42","modified_gmt":"2021-08-26T16:40:42","slug":"insisten-docentes-en-asignacion-de-plazas-protestan-en-la-sev","status":"publish","type":"post","link":"https:\/\/encuentroinformativo.com.mx\/?p=17774","title":{"rendered":"Insisten docentes en asignaci\u00f3n de plazas, protestan en la SEV"},"content":{"rendered":"\n<p><strong>Dar\u00edo Pale<\/strong><\/p>\n\n\n\n<p>Xalapa, Ver.- De nueva cuenta docentes de distintos municipios del estado se manifestaron en la entrada de la Secretaria de Educaci\u00f3n de Veracruz (SEV), para solicitar que se extienda el periodo de asignaci\u00f3n y el n\u00famero de plazas para este ciclo escolar.<\/p>\n\n\n\n<p>Una de las maestras que se manifest\u00f3 dio a conocer que, &#8220;exigimos pr\u00f3rroga para la entrega de plazas del proceso 2020-2021, este a\u00f1o ha sido el a\u00f1o en que menos plazas y solo han dado 246. Venimos a la SEV para pedir una pr\u00f3rroga para el proceso 2021 para que nos den m\u00e1s clases, porque ha sido la administraci\u00f3n que menos plazas ha entregado que en a\u00f1os anteriores. Estamos aqu\u00ed haciendo presencia para que nos escuchen, estamos aqu\u00ed para obtener una respuesta&#8221;.<\/p>\n\n\n\n<p>Llegaron de la zona norte y de esta capital, asegurando que permanecer\u00e1n en dicha secretar\u00eda hasta tener una respuesta a su favor, aunque aseguran que no tomar\u00e1n las instalaciones a diferencia de manifestaciones anteriores.<\/p>\n\n\n\n<p>&#8220;Somos de varios municipios como de Papantla, Poza Rica, Xalapa y representamos a varias licenciaturas tanto de primaria, secundaria y educaci\u00f3n especial. No nos vamos a mover hasta que nos resuelvan. Las instalaciones no est\u00e1n tomadas&#8221;, coment\u00f3.<\/p>\n\n\n\n<p>Por \u00faltimo cabe mencionar que la SEV aclar\u00f3 que la asignaci\u00f3n de plazas no depende del estado, si no del presupuesto de la federaci\u00f3n.<\/p>\n","protected":false},"excerpt":{"rendered":"<p>Dar\u00edo Pale Xalapa, Ver.- De nueva cuenta docentes de distintos municipios del estado se manifestaron en la entrada de la Secretaria de Educaci\u00f3n de Veracruz (SEV), para solicitar que se extienda el periodo de asignaci\u00f3n y el n\u00famero de plazas para este ciclo escolar. Una de las maestras que se manifest\u00f3 dio a conocer que, [&hellip;]<\/p>\n","protected":false},"author":1,"featured_media":14215,"comment_status":"open","ping_status":"open","sticky":false,"template":"","format":"standard","meta":{"_jetpack_memberships_contains_paid_content":false,"footnotes":""},"categories":[3],"tags":[],"class_list":["post-17774","post","type-post","status-publish","format-standard","has-post-thumbnail","hentry","category-xalapa"],"jetpack_featured_media_url":"https:\/\/encuentroinformativo.com.mx\/wp-content\/uploads\/2021\/05\/48C49F93-77CC-481E-A3DB-1EDEB7432C9A.jpeg","jetpack_sharing_enabled":true,"jetpack_likes_enabled":true,"amp_enabled":true,"_links":{"self":[{"href":"https:\/\/encuentroinformativo.com.mx\/index.php?rest_route=\/wp\/v2\/posts\/17774","targetHints":{"allow":["GET"]}}],"collection":[{"href":"https:\/\/encuentroinformativo.com.mx\/index.php?rest_route=\/wp\/v2\/posts"}],"about":[{"href":"https:\/\/encuentroinformativo.com.mx\/index.php?rest_route=\/wp\/v2\/types\/post"}],"author":[{"embeddable":true,"href":"https:\/\/encuentroinformativo.com.mx\/index.php?rest_route=\/wp\/v2\/users\/1"}],"replies":[{"embeddable":true,"href":"https:\/\/encuentroinformativo.com.mx\/index.php?rest_route=%2Fwp%2Fv2%2Fcomments&post=17774"}],"version-history":[{"count":1,"href":"https:\/\/encuentroinformativo.com.mx\/index.php?rest_route=\/wp\/v2\/posts\/17774\/revisions"}],"predecessor-version":[{"id":17775,"href":"https:\/\/encuentroinformativo.com.mx\/index.php?rest_route=\/wp\/v2\/posts\/17774\/revisions\/17775"}],"wp:featuredmedia":[{"embeddable":true,"href":"https:\/\/encuentroinformativo.com.mx\/index.php?rest_route=\/wp\/v2\/media\/14215"}],"wp:attachment":[{"href":"https:\/\/encuentroinformativo.com.mx\/index.php?rest_route=%2Fwp%2Fv2%2Fmedia&parent=17774"}],"wp:term":[{"taxonomy":"category","embeddable":true,"href":"https:\/\/encuentroinformativo.com.mx\/index.php?rest_route=%2Fwp%2Fv2%2Fcategories&post=17774"},{"taxonomy":"post_tag","embeddable":true,"href":"https:\/\/encuentroinformativo.com.mx\/index.php?rest_route=%2Fwp%2Fv2%2Ftags&post=17774"}],"curies":[{"name":"wp","href":"https:\/\/api.w.org\/{rel}","templated":true}]}}