{"id":17776,"date":"2021-08-26T13:50:53","date_gmt":"2021-08-26T18:50:53","guid":{"rendered":"https:\/\/encuentroinformativo.com.mx\/?p=17776"},"modified":"2021-08-26T13:50:57","modified_gmt":"2021-08-26T18:50:57","slug":"mantiene-fnerrr-rechazo-a-clases-presenciales","status":"publish","type":"post","link":"https:\/\/encuentroinformativo.com.mx\/?p=17776","title":{"rendered":"Mantiene FNERRR rechazo a clases presenciales"},"content":{"rendered":"\n<p><strong>Dar\u00edo Pale<\/strong> <\/p>\n\n\n\n<p>Xalapa, Ver.- No regresar\u00e1n a clases presenciales a partir del 30 de agosto que inicia el ciclo escolar 2021-2022, pues hasta ahora no hay vacunas contra COVID-19 para menores de 18 a\u00f1os, as\u00ed lo advirtieron los integrantes de la Federaci\u00f3n Nacional de Estudiantes Revolucionarios Rafael Ram\u00edrez (FNERRR).<\/p>\n\n\n\n<p>Entrevistados durante la manifestaci\u00f3n la responsable de la organizaci\u00f3n Lorena Ixtepan Mart\u00ednez se\u00f1al\u00f3 que, &#8220;no nos vamos a presentar en las escuelas. Esa es la decisi\u00f3n que hemos tomado, porque no estamos dispuestos a arriesgar nuestra vida. No nos presentaremos si no estamos vacunados&#8221;.<\/p>\n\n\n\n<p>Insisti\u00f3 en que actualmente no hay condiciones en la mayor\u00eda de los planteles para un regreso seguro, algunos ni siquiera tienen agua.<\/p>\n\n\n\n<p>&#8220;En Xalapa vemos escuelas de nivel medio superior que no tienen las condiciones para un regreso a clases de manera segura. No cuentan con agua potable. Solamente dos de cada diez escuelas tienen el espacio de infraestructura para que los estudiantes no se contagien dentro de un aula&#8221;, coment\u00f3.<\/p>\n\n\n\n<p>Finalmente al manifestarse en el centro de Xalapa pidieron que los padres de familia se sumen a estas protestas.<\/p>\n","protected":false},"excerpt":{"rendered":"<p>Dar\u00edo Pale Xalapa, Ver.- No regresar\u00e1n a clases presenciales a partir del 30 de agosto que inicia el ciclo escolar 2021-2022, pues hasta ahora no hay vacunas contra COVID-19 para menores de 18 a\u00f1os, as\u00ed lo advirtieron los integrantes de la Federaci\u00f3n Nacional de Estudiantes Revolucionarios Rafael Ram\u00edrez (FNERRR). Entrevistados durante la manifestaci\u00f3n la responsable [&hellip;]<\/p>\n","protected":false},"author":1,"featured_media":17777,"comment_status":"open","ping_status":"open","sticky":false,"template":"","format":"standard","meta":{"_jetpack_memberships_contains_paid_content":false,"footnotes":""},"categories":[3],"tags":[],"class_list":["post-17776","post","type-post","status-publish","format-standard","has-post-thumbnail","hentry","category-xalapa"],"jetpack_featured_media_url":"https:\/\/encuentroinformativo.com.mx\/wp-content\/uploads\/2021\/08\/4EF052B3-8301-45C3-B000-60695F01DCAC.jpeg","jetpack_sharing_enabled":true,"jetpack_likes_enabled":true,"amp_enabled":true,"_links":{"self":[{"href":"https:\/\/encuentroinformativo.com.mx\/index.php?rest_route=\/wp\/v2\/posts\/17776","targetHints":{"allow":["GET"]}}],"collection":[{"href":"https:\/\/encuentroinformativo.com.mx\/index.php?rest_route=\/wp\/v2\/posts"}],"about":[{"href":"https:\/\/encuentroinformativo.com.mx\/index.php?rest_route=\/wp\/v2\/types\/post"}],"author":[{"embeddable":true,"href":"https:\/\/encuentroinformativo.com.mx\/index.php?rest_route=\/wp\/v2\/users\/1"}],"replies":[{"embeddable":true,"href":"https:\/\/encuentroinformativo.com.mx\/index.php?rest_route=%2Fwp%2Fv2%2Fcomments&post=17776"}],"version-history":[{"count":1,"href":"https:\/\/encuentroinformativo.com.mx\/index.php?rest_route=\/wp\/v2\/posts\/17776\/revisions"}],"predecessor-version":[{"id":17778,"href":"https:\/\/encuentroinformativo.com.mx\/index.php?rest_route=\/wp\/v2\/posts\/17776\/revisions\/17778"}],"wp:featuredmedia":[{"embeddable":true,"href":"https:\/\/encuentroinformativo.com.mx\/index.php?rest_route=\/wp\/v2\/media\/17777"}],"wp:attachment":[{"href":"https:\/\/encuentroinformativo.com.mx\/index.php?rest_route=%2Fwp%2Fv2%2Fmedia&parent=17776"}],"wp:term":[{"taxonomy":"category","embeddable":true,"href":"https:\/\/encuentroinformativo.com.mx\/index.php?rest_route=%2Fwp%2Fv2%2Fcategories&post=17776"},{"taxonomy":"post_tag","embeddable":true,"href":"https:\/\/encuentroinformativo.com.mx\/index.php?rest_route=%2Fwp%2Fv2%2Ftags&post=17776"}],"curies":[{"name":"wp","href":"https:\/\/api.w.org\/{rel}","templated":true}]}}