{"id":17785,"date":"2021-08-26T16:10:44","date_gmt":"2021-08-26T21:10:44","guid":{"rendered":"https:\/\/encuentroinformativo.com.mx\/?p=17785"},"modified":"2021-08-26T16:10:52","modified_gmt":"2021-08-26T21:10:52","slug":"docentes-no-quieren-trabajar-lejos-de-casa-acusan-autoridades","status":"publish","type":"post","link":"https:\/\/encuentroinformativo.com.mx\/?p=17785","title":{"rendered":"Docentes no quieren trabajar lejos de casa, acusan autoridades"},"content":{"rendered":"\n<p><strong>Juan Arcos<\/strong><\/p>\n\n\n\n<p>Xalapa, Ver.- Algunos normalistas egresados han rechazado las plazas docentes que oferta la Secretar\u00eda de Educaci\u00f3n de Veracruz (SEV), debido a que las zonas donde se requieren docentes est\u00e1n alejadas a su lugar de residencia.<\/p>\n\n\n\n<p>As\u00ed lo dio a conocer Efra\u00edn Liz\u00e1rraga, secretario particular del titular de la SEV, Zenyazen Escobar Garc\u00eda, quien a\u00f1adi\u00f3 que el proceso para la asignaci\u00f3n de plazas 2020-2021 cerr\u00f3 el pasado 15 de agosto y no habr\u00e1 pr\u00f3rroga.<\/p>\n\n\n\n<p>Lo anterior, tras la manifestaci\u00f3n de docentes normalistas en las oficinas centrales de la dependencia estatal, quienes egresaron, acreditaron sus evaluaciones y se quedaron sin un lugar de trabajo por la falta de vacantes.<\/p>\n\n\n\n<p>El funcionario estatal indic\u00f3 que ante el rechazo de las plazas que se necesitan para cubrir zonas serranas de la entidad, existe un corrimiento y, por ende, los espacios son ocupados por otros docentes.<\/p>\n\n\n\n<p>\u201cMuchos maestros, por los lugares donde se necesita el recurso, no lo aceptan, entonces tambi\u00e9n hay corrimiento en ese sentido\u201d, expres\u00f3.<\/p>\n\n\n\n<p>Efra\u00edn Liz\u00e1rraga enfatiz\u00f3 que los normalistas egresados que se han manifestado y que ya fueron evaluados para acceder a una plaza, podr\u00edan ser contratados un periodo aproximado de tres meses si cumplen con los requisitos ante la Unidad del Sistema para la Carrera de Maestros y Maestras (Usicamm).<\/p>\n\n\n\n<p>\u201cSeguimos buscando que ellos sean contratados a la brevedad y el mayor n\u00famero posible. Si ellos presentan el examen o presentaron el examen, en un tiempo no menor a tres meses se d\u00e9 un nuevo llamado\u201d.<\/p>\n\n\n\n<p>Efra\u00edn Liz\u00e1rraga agreg\u00f3 que la lista de docentes, en espera de una plaza es amplia, toda vez que cada a\u00f1o egresan de escuelas particulares y p\u00fablicas.<\/p>\n\n\n\n<p>Finalmente, se\u00f1al\u00f3 que en la actualidad no hay m\u00e1s espacios, debido a que no se han registrado jubilaciones ni defunciones para que puedan ofertar esas vacantes.<\/p>\n","protected":false},"excerpt":{"rendered":"<p>Juan Arcos Xalapa, Ver.- Algunos normalistas egresados han rechazado las plazas docentes que oferta la Secretar\u00eda de Educaci\u00f3n de Veracruz (SEV), debido a que las zonas donde se requieren docentes est\u00e1n alejadas a su lugar de residencia. As\u00ed lo dio a conocer Efra\u00edn Liz\u00e1rraga, secretario particular del titular de la SEV, Zenyazen Escobar Garc\u00eda, quien [&hellip;]<\/p>\n","protected":false},"author":2476,"featured_media":17786,"comment_status":"open","ping_status":"open","sticky":false,"template":"","format":"standard","meta":{"_jetpack_memberships_contains_paid_content":false,"footnotes":""},"categories":[2],"tags":[],"class_list":["post-17785","post","type-post","status-publish","format-standard","has-post-thumbnail","hentry","category-estado"],"jetpack_featured_media_url":"https:\/\/encuentroinformativo.com.mx\/wp-content\/uploads\/2021\/08\/SEV.jpg","jetpack_sharing_enabled":true,"jetpack_likes_enabled":true,"amp_enabled":true,"_links":{"self":[{"href":"https:\/\/encuentroinformativo.com.mx\/index.php?rest_route=\/wp\/v2\/posts\/17785","targetHints":{"allow":["GET"]}}],"collection":[{"href":"https:\/\/encuentroinformativo.com.mx\/index.php?rest_route=\/wp\/v2\/posts"}],"about":[{"href":"https:\/\/encuentroinformativo.com.mx\/index.php?rest_route=\/wp\/v2\/types\/post"}],"author":[{"embeddable":true,"href":"https:\/\/encuentroinformativo.com.mx\/index.php?rest_route=\/wp\/v2\/users\/2476"}],"replies":[{"embeddable":true,"href":"https:\/\/encuentroinformativo.com.mx\/index.php?rest_route=%2Fwp%2Fv2%2Fcomments&post=17785"}],"version-history":[{"count":1,"href":"https:\/\/encuentroinformativo.com.mx\/index.php?rest_route=\/wp\/v2\/posts\/17785\/revisions"}],"predecessor-version":[{"id":17787,"href":"https:\/\/encuentroinformativo.com.mx\/index.php?rest_route=\/wp\/v2\/posts\/17785\/revisions\/17787"}],"wp:featuredmedia":[{"embeddable":true,"href":"https:\/\/encuentroinformativo.com.mx\/index.php?rest_route=\/wp\/v2\/media\/17786"}],"wp:attachment":[{"href":"https:\/\/encuentroinformativo.com.mx\/index.php?rest_route=%2Fwp%2Fv2%2Fmedia&parent=17785"}],"wp:term":[{"taxonomy":"category","embeddable":true,"href":"https:\/\/encuentroinformativo.com.mx\/index.php?rest_route=%2Fwp%2Fv2%2Fcategories&post=17785"},{"taxonomy":"post_tag","embeddable":true,"href":"https:\/\/encuentroinformativo.com.mx\/index.php?rest_route=%2Fwp%2Fv2%2Ftags&post=17785"}],"curies":[{"name":"wp","href":"https:\/\/api.w.org\/{rel}","templated":true}]}}