{"id":17791,"date":"2021-08-27T07:32:46","date_gmt":"2021-08-27T12:32:46","guid":{"rendered":"https:\/\/encuentroinformativo.com.mx\/?p=17791"},"modified":"2021-08-27T05:35:31","modified_gmt":"2021-08-27T10:35:31","slug":"se-va-dona-olga-en-que-afecta-a-veracruz","status":"publish","type":"post","link":"https:\/\/encuentroinformativo.com.mx\/?p=17791","title":{"rendered":"SE VA DO\u00d1A OLGA\u2026 \u00bfEN QU\u00c9 AFECTA A VERACRUZ?"},"content":{"rendered":"\n<p><strong>@pablojair<br><br>+ Las drogas que iban para Australia en pieles de vaca.<br>+ El gober se\u00f1ala a juez por soborno en caso del \u201cCompa Playa\u201d.<br>+ Ya vacunaron a la menor de edad amparada en Xalapa.<br><br><em>Que no soy periodista, soy \u201cperiodiste\u201d<br>\u2014Chopenjawer no c\u00f3digo ascii<\/em><\/strong><\/p>\n\n\n\n<p>La renuncia de Olga S\u00e1nchez Cordero a la Secretar\u00eda de Gobernaci\u00f3n tiene todo el tufo a que es una simple movida pol\u00edtica del presidente Andr\u00e9s Manuel L\u00f3pez Obrador para colocar a alguien de toda su confianza y lealtad en el Senado de la Rep\u00fablica. Eso es obvio.<\/p>\n\n\n\n<p>Su llegada al Senado anuncia un previsible empoderamiento de la tambi\u00e9n magistrada jubilada de la Suprema Corte de Justicia para llegar a convertirse en presidenta de dicha C\u00e1mara, con las tablas de conocer todo lo referente al \u00e1mbito jur\u00eddico y la experiencia recogida recientemente como titular de la Segob, que en su \u00e9poca \u201cdorada\u201d fue algo as\u00ed como la oficina m\u00e1s temida y tenebrosa por aquello de que controlaba los cuerpos policiacos y el espionaje en el pa\u00eds (ahora se supone que eso ya no se hace en la Cuarta Transformeishion).<\/p>\n\n\n\n<p>Eso s\u00ed, se va a estrenar como legisladora.<\/p>\n\n\n\n<p>Sin duda, el cambio hacia el Senado lleva tambi\u00e9n el mensaje de ir restando poder a Ricardo Monreal, uno de los pol\u00edticos m\u00e1s conflictivos a quien AMLO dej\u00f3 llegar muy lejos dentro de la 4T, y que adem\u00e1s se ha confrontado p\u00fablicamente con el presidente.<\/p>\n\n\n\n<p>En Veracruz se comenta que exist\u00edan buenas relaciones con la hoy ex secretaria de Gobernaci\u00f3n y eran constantes las comunicaciones del Gobierno de Veracruz con la titular de Segob.<\/p>\n\n\n\n<p>No obstante, hace poco circul\u00f3 una versi\u00f3n sobre un roce entre el secretario de Gobierno, Eric Cisneros, y el secretario de Desarrollo Econ\u00f3mico, Gustavo Nach\u00f3n, quien es familiar de S\u00e1nchez Cordero, lo que puso nerviosos a algunos en Palacio de Gobierno por la buena relaci\u00f3n que exist\u00eda con Do\u00f1a Olga.<\/p>\n\n\n\n<p>El asunto no pas\u00f3 de una discusi\u00f3n, digamos, anecd\u00f3tica. No obstante, de lo anterior s\u00ed tuvo conocimiento la entonces secretaria de Gobernaci\u00f3n.<\/p>\n\n\n\n<p>Y es que los roces en integrantes de un gabinete son inevitables por las distintas maneras de pensar; el mismo presidente ha admitido que han habido diferencias entre sus colaboradores.<\/p>\n\n\n\n<p>Luego entonces, la salida de S\u00e1nchez Cordero de Segob podr\u00eda facilitarle mucho el trabajo al secretario de Gobierno recientemente ca\u00eddo de un helic\u00f3ptero, pues \u00e9ste ya no tendr\u00eda momentos inc\u00f3modos para hablar con ella asuntos relacionados al gobierno luego de haber discutido con su sobrino.<\/p>\n\n\n\n<p>Lo que no se debe perder de vista es que Olga S\u00e1nchez en realidad no parece perder poder; al contrario, sigue siendo muy cercana al presidente y como presidenta del Senado tendr\u00e1 todav\u00eda acceso a mucha informaci\u00f3n desde la Presidencia de la Rep\u00fablica porque ser\u00e1 operadora clave de Andr\u00e9s Manuel en el Senado, como lo ser\u00e1 su reemplazo Ad\u00e1n Augusto L\u00f3pez, el gobernador de Tabasco que ahora ser\u00e1 secretario de Gobernaci\u00f3n.<\/p>\n\n\n\n<p><strong>NOTA PARA PEGAR EN EL REFRI:&nbsp;<\/strong>Notas period\u00edsticas que circulan en internet indican que a Itiel \u201cN\u201d, alias \u201cCompa Playa\u201d, no s\u00f3lo est\u00e1 acusado de ser presunto participante en el asesinato del diputado local Juan Carlos Molina, sino que tambi\u00e9n tiene acusaciones por tr\u00e1fico de drogas y hasta es mencionado como probable personaje extraditable a los Estados Unidos. Entre tantas versiones, se le se\u00f1ala de ser el autor de transportar una buena cantidad de drogas a Australia en pieles de vaca\u2026 Lo de su \u201cliberaci\u00f3n\u201d, seg\u00fan el gobernador Cuitl\u00e1huac Garc\u00eda Jim\u00e9nez, es una cuesti\u00f3n inexacta, pues todav\u00eda no hay sentencia y se le investigan por otros delitos, por lo que su salida de la c\u00e1rcel todav\u00eda \u2014de darse\u2014 va para largo, pues es un personaje de inter\u00e9s para la justicia mexicana.<\/p>\n\n\n\n<p><strong>OTRA NOTA:&nbsp;<\/strong>Para complementar la nota anterior, el gobernador de Veracruz tambi\u00e9n revel\u00f3&nbsp;<a href=\"outlook-data-detector:\/\/1\">este jueves<\/a>&nbsp;en su conferencia de prensa que va solicitar a la Fiscal\u00eda General del Estado que se investigue por presunta corrupci\u00f3n a un juez que habr\u00eda aceptado 3 millones de pesos de soborno en el caso del \u201cCompa Playa\u201d.<\/p>\n\n\n\n<p><strong>LA \u00daLTIMA PORQUE MA\u00d1ANA TOCA ENTREVISTA CON \u201cBERE-NICE\u201d, LA DE DERBEZ, EN EL MARCAJE, LIVE DE FEIS A LAS 20.30:&nbsp;<\/strong><a href=\"outlook-data-detector:\/\/3\">Este jueves<\/a>&nbsp;ya fue vacunada contra Covid, en Xalapa, la menor de edad que gan\u00f3 amparo para recibir la inmunizaci\u00f3n, as\u00ed lo confirm\u00f3 el abogado que llev\u00f3 el caso, Armando Pacheco del Valle\u2026 La menor de edad fue inoculada este d\u00eda&nbsp;<a href=\"outlook-data-detector:\/\/4\">a las 13 horas<\/a>&nbsp;en el Gimnasio Omega, de Xalapa y es el primer caso de este tipo en el estado de Veracruz.<\/p>\n","protected":false},"excerpt":{"rendered":"<p>@pablojair + Las drogas que iban para Australia en pieles de vaca.+ El gober se\u00f1ala a juez por soborno en caso del \u201cCompa Playa\u201d.+ Ya vacunaron a la menor de edad amparada en Xalapa. Que no soy periodista, soy \u201cperiodiste\u201d\u2014Chopenjawer no c\u00f3digo ascii La renuncia de Olga S\u00e1nchez Cordero a la Secretar\u00eda de Gobernaci\u00f3n tiene [&hellip;]<\/p>\n","protected":false},"author":1,"featured_media":488,"comment_status":"open","ping_status":"open","sticky":false,"template":"","format":"standard","meta":{"_jetpack_memberships_contains_paid_content":false,"footnotes":""},"categories":[11],"tags":[],"class_list":["post-17791","post","type-post","status-publish","format-standard","has-post-thumbnail","hentry","category-opinion"],"jetpack_featured_media_url":"https:\/\/encuentroinformativo.com.mx\/wp-content\/uploads\/2020\/03\/F471F608-BA1A-416B-BA7B-BCFB24F4E6D0.jpeg","jetpack_sharing_enabled":true,"jetpack_likes_enabled":true,"amp_enabled":true,"_links":{"self":[{"href":"https:\/\/encuentroinformativo.com.mx\/index.php?rest_route=\/wp\/v2\/posts\/17791","targetHints":{"allow":["GET"]}}],"collection":[{"href":"https:\/\/encuentroinformativo.com.mx\/index.php?rest_route=\/wp\/v2\/posts"}],"about":[{"href":"https:\/\/encuentroinformativo.com.mx\/index.php?rest_route=\/wp\/v2\/types\/post"}],"author":[{"embeddable":true,"href":"https:\/\/encuentroinformativo.com.mx\/index.php?rest_route=\/wp\/v2\/users\/1"}],"replies":[{"embeddable":true,"href":"https:\/\/encuentroinformativo.com.mx\/index.php?rest_route=%2Fwp%2Fv2%2Fcomments&post=17791"}],"version-history":[{"count":1,"href":"https:\/\/encuentroinformativo.com.mx\/index.php?rest_route=\/wp\/v2\/posts\/17791\/revisions"}],"predecessor-version":[{"id":17792,"href":"https:\/\/encuentroinformativo.com.mx\/index.php?rest_route=\/wp\/v2\/posts\/17791\/revisions\/17792"}],"wp:featuredmedia":[{"embeddable":true,"href":"https:\/\/encuentroinformativo.com.mx\/index.php?rest_route=\/wp\/v2\/media\/488"}],"wp:attachment":[{"href":"https:\/\/encuentroinformativo.com.mx\/index.php?rest_route=%2Fwp%2Fv2%2Fmedia&parent=17791"}],"wp:term":[{"taxonomy":"category","embeddable":true,"href":"https:\/\/encuentroinformativo.com.mx\/index.php?rest_route=%2Fwp%2Fv2%2Fcategories&post=17791"},{"taxonomy":"post_tag","embeddable":true,"href":"https:\/\/encuentroinformativo.com.mx\/index.php?rest_route=%2Fwp%2Fv2%2Ftags&post=17791"}],"curies":[{"name":"wp","href":"https:\/\/api.w.org\/{rel}","templated":true}]}}