{"id":178,"date":"2020-02-27T11:37:00","date_gmt":"2020-02-27T17:37:00","guid":{"rendered":"https:\/\/encuentroinformativodotcomdotmx.wordpress.com\/?p=178"},"modified":"2020-02-27T11:37:00","modified_gmt":"2020-02-27T17:37:00","slug":"sin-sorpresa-por-fosa-en-playa-vicente-solecito","status":"publish","type":"post","link":"https:\/\/encuentroinformativo.com.mx\/?p=178","title":{"rendered":"Sin sorpresa por fosa en Playa Vicente: Solecito"},"content":{"rendered":"<p><img loading=\"lazy\" decoding=\"async\" class=\"size-medium wp-image-180 alignright\" src=\"https:\/\/encuentroinformativo.com.mx\/wp-content\/uploads\/2020\/02\/fosa-playa-vicente-3.jpeg?w=238\" alt=\"\" width=\"238\" height=\"300\" srcset=\"https:\/\/encuentroinformativo.com.mx\/wp-content\/uploads\/2020\/02\/fosa-playa-vicente-3.jpeg 617w, https:\/\/encuentroinformativo.com.mx\/wp-content\/uploads\/2020\/02\/fosa-playa-vicente-3-238x300.jpeg 238w\" sizes=\"auto, (max-width: 238px) 100vw, 238px\" \/><\/p>\n<p>Veracruz, Ver.- El hallazgo de una fosa clandestina en un predio de Playa Vicente, es un caso que no sorprende porque es el resultado de que los gobiernos anteriores le hayan \u00ababierto las puertas a los criminales\u00bb, dijo Lucy D\u00edaz, vocera del Colectivo Solecito de Veracruz.<\/p>\n<p>Se\u00f1al\u00f3 que el tema es el reflejo de la fallida guerra contra el narco que emprendi\u00f3 Felipe Calder\u00f3n y de la colusi\u00f3n de autoridades con la delincuencia que se vivi\u00f3 en el pasado.<\/p>\n<p>Y es que el pasado fin de semana, como parte de un operativo especial, elementos de la Fuerza Civil desplegados en Playa Vicente ubicaron una fosa clandestina en el interior de un rancho que, presuntamente, es propiedad del grupo delincuencial \u201cLas Pi\u00f1as\u201d.<\/p>\n<p><strong>Fuente:<\/strong> Agencia RTV Noticias<\/p>\n","protected":false},"excerpt":{"rendered":"<p>Veracruz, Ver.- El hallazgo de una fosa clandestina en un predio de Playa Vicente, es un caso que no sorprende porque es el resultado de que los gobiernos anteriores le hayan \u00ababierto las puertas a los criminales\u00bb, dijo Lucy D\u00edaz, vocera del Colectivo Solecito de Veracruz. Se\u00f1al\u00f3 que el tema es el reflejo de la [&hellip;]<\/p>\n","protected":false},"author":1,"featured_media":180,"comment_status":"open","ping_status":"open","sticky":false,"template":"","format":"standard","meta":{"_jetpack_memberships_contains_paid_content":false,"footnotes":""},"categories":[2],"tags":[],"class_list":["post-178","post","type-post","status-publish","format-standard","has-post-thumbnail","hentry","category-estado"],"jetpack_featured_media_url":"https:\/\/encuentroinformativo.com.mx\/wp-content\/uploads\/2020\/02\/fosa-playa-vicente-3.jpeg","jetpack_sharing_enabled":true,"jetpack_likes_enabled":true,"amp_enabled":true,"_links":{"self":[{"href":"https:\/\/encuentroinformativo.com.mx\/index.php?rest_route=\/wp\/v2\/posts\/178","targetHints":{"allow":["GET"]}}],"collection":[{"href":"https:\/\/encuentroinformativo.com.mx\/index.php?rest_route=\/wp\/v2\/posts"}],"about":[{"href":"https:\/\/encuentroinformativo.com.mx\/index.php?rest_route=\/wp\/v2\/types\/post"}],"author":[{"embeddable":true,"href":"https:\/\/encuentroinformativo.com.mx\/index.php?rest_route=\/wp\/v2\/users\/1"}],"replies":[{"embeddable":true,"href":"https:\/\/encuentroinformativo.com.mx\/index.php?rest_route=%2Fwp%2Fv2%2Fcomments&post=178"}],"version-history":[{"count":0,"href":"https:\/\/encuentroinformativo.com.mx\/index.php?rest_route=\/wp\/v2\/posts\/178\/revisions"}],"wp:featuredmedia":[{"embeddable":true,"href":"https:\/\/encuentroinformativo.com.mx\/index.php?rest_route=\/wp\/v2\/media\/180"}],"wp:attachment":[{"href":"https:\/\/encuentroinformativo.com.mx\/index.php?rest_route=%2Fwp%2Fv2%2Fmedia&parent=178"}],"wp:term":[{"taxonomy":"category","embeddable":true,"href":"https:\/\/encuentroinformativo.com.mx\/index.php?rest_route=%2Fwp%2Fv2%2Fcategories&post=178"},{"taxonomy":"post_tag","embeddable":true,"href":"https:\/\/encuentroinformativo.com.mx\/index.php?rest_route=%2Fwp%2Fv2%2Ftags&post=178"}],"curies":[{"name":"wp","href":"https:\/\/api.w.org\/{rel}","templated":true}]}}