{"id":17804,"date":"2021-08-27T14:50:29","date_gmt":"2021-08-27T19:50:29","guid":{"rendered":"https:\/\/encuentroinformativo.com.mx\/?p=17804"},"modified":"2021-08-27T14:50:34","modified_gmt":"2021-08-27T19:50:34","slug":"padres-podrian-tramitar-amparos-contra-clases-senalan-abogados","status":"publish","type":"post","link":"https:\/\/encuentroinformativo.com.mx\/?p=17804","title":{"rendered":"Padres podr\u00edan tramitar amparos contra clases, se\u00f1alan abogados"},"content":{"rendered":"\n<p><strong>Juan Arcos<\/strong> <\/p>\n\n\n\n<p>Xalapa, Ver.- El abogado Arturo Salazar Rivera indic\u00f3 que los estudiantes del estado de Veracruz s\u00f3lo podr\u00e1n continuar sus clases desde casa, a trav\u00e9s de un amparo judicial.<\/p>\n\n\n\n<p>El representante legal indic\u00f3 que diversas madres y padres de familia se oponen al retorno a las aulas, aunque las autoridades educativas lo han considerado obligatorio a partir del pr\u00f3ximo lunes 30 de agosto.<\/p>\n\n\n\n<p>\u201cEn este caso que estamos hablando de cuestiones de salud obviamente mediante un amparo podemos solicitar la suspensi\u00f3n de los actos que se reclamar\u00edan, que este caso ser\u00eda el hecho de que tomen las clases de manera presencial\u201d, detall\u00f3.<\/p>\n\n\n\n<p>A su juicio, las familias tienen la posibilidad de tramitar amparos para que las ni\u00f1as, ni\u00f1os y j\u00f3venes tomen sus clases en la modalidad que decidan, ante el aumento en los contagios de SARS-COV-2 (COVID-19) en la entidad.<\/p>\n\n\n\n<p>\u201cDesde que empez\u00f3 el problema de la pandemia ha habido distintas etapas, los intereses de los menores se han visto reflejados a trav\u00e9s de amparos\u201d.<\/p>\n\n\n\n<p>Record\u00f3 que en otros estados de la Rep\u00fablica hab\u00eda personas de escasos recursos que carec\u00edan de las herramientas tecnol\u00f3gicas para acceder a las clases en l\u00ednea, por lo que se ampararon.<\/p>\n\n\n\n<p>\u201cAlgunos promovieron amparos, no en el estado de Veracruz pero s\u00ed en otros lugares donde el juez federal ordenaba a las autoridades escolares que le proporcionaran los medios necesarios\u201d.<\/p>\n\n\n\n<p>El titular de la Consultor\u00eda Advokasi explic\u00f3 que se trata de un proceso r\u00e1pido, cuyo costo va de los ocho mil a los 15 mil pesos, aunque algunas barras de abogados tramitan los amparos a un menor precio: tres mil pesos.<\/p>\n\n\n\n<p>\u201cEl juez federal s\u00ed est\u00e1 obligado, atendiendo al inter\u00e9s superior del menor, a cuidar todo el bienestar de los peque\u00f1os para efecto de que la Secretar\u00eda de Educaci\u00f3n puede generar las condiciones necesarias, por medio de las escuelas, y que ellos tengan la obligaci\u00f3n de llevar a cabo las clases en l\u00ednea\u201d, remat\u00f3 Salazar Rivera.<\/p>\n","protected":false},"excerpt":{"rendered":"<p>Juan Arcos Xalapa, Ver.- El abogado Arturo Salazar Rivera indic\u00f3 que los estudiantes del estado de Veracruz s\u00f3lo podr\u00e1n continuar sus clases desde casa, a trav\u00e9s de un amparo judicial. El representante legal indic\u00f3 que diversas madres y padres de familia se oponen al retorno a las aulas, aunque las autoridades educativas lo han considerado [&hellip;]<\/p>\n","protected":false},"author":1,"featured_media":17805,"comment_status":"open","ping_status":"open","sticky":false,"template":"","format":"standard","meta":{"_jetpack_memberships_contains_paid_content":false,"footnotes":""},"categories":[3],"tags":[],"class_list":["post-17804","post","type-post","status-publish","format-standard","has-post-thumbnail","hentry","category-xalapa"],"jetpack_featured_media_url":"https:\/\/encuentroinformativo.com.mx\/wp-content\/uploads\/2021\/08\/2778F1A9-9B1C-4513-95B0-3D5B4B68537F.jpeg","jetpack_sharing_enabled":true,"jetpack_likes_enabled":true,"amp_enabled":true,"_links":{"self":[{"href":"https:\/\/encuentroinformativo.com.mx\/index.php?rest_route=\/wp\/v2\/posts\/17804","targetHints":{"allow":["GET"]}}],"collection":[{"href":"https:\/\/encuentroinformativo.com.mx\/index.php?rest_route=\/wp\/v2\/posts"}],"about":[{"href":"https:\/\/encuentroinformativo.com.mx\/index.php?rest_route=\/wp\/v2\/types\/post"}],"author":[{"embeddable":true,"href":"https:\/\/encuentroinformativo.com.mx\/index.php?rest_route=\/wp\/v2\/users\/1"}],"replies":[{"embeddable":true,"href":"https:\/\/encuentroinformativo.com.mx\/index.php?rest_route=%2Fwp%2Fv2%2Fcomments&post=17804"}],"version-history":[{"count":1,"href":"https:\/\/encuentroinformativo.com.mx\/index.php?rest_route=\/wp\/v2\/posts\/17804\/revisions"}],"predecessor-version":[{"id":17806,"href":"https:\/\/encuentroinformativo.com.mx\/index.php?rest_route=\/wp\/v2\/posts\/17804\/revisions\/17806"}],"wp:featuredmedia":[{"embeddable":true,"href":"https:\/\/encuentroinformativo.com.mx\/index.php?rest_route=\/wp\/v2\/media\/17805"}],"wp:attachment":[{"href":"https:\/\/encuentroinformativo.com.mx\/index.php?rest_route=%2Fwp%2Fv2%2Fmedia&parent=17804"}],"wp:term":[{"taxonomy":"category","embeddable":true,"href":"https:\/\/encuentroinformativo.com.mx\/index.php?rest_route=%2Fwp%2Fv2%2Fcategories&post=17804"},{"taxonomy":"post_tag","embeddable":true,"href":"https:\/\/encuentroinformativo.com.mx\/index.php?rest_route=%2Fwp%2Fv2%2Ftags&post=17804"}],"curies":[{"name":"wp","href":"https:\/\/api.w.org\/{rel}","templated":true}]}}