{"id":17809,"date":"2021-08-27T14:59:18","date_gmt":"2021-08-27T19:59:18","guid":{"rendered":"https:\/\/encuentroinformativo.com.mx\/?p=17809"},"modified":"2021-08-27T14:59:22","modified_gmt":"2021-08-27T19:59:22","slug":"festejos-patrios-seran-virtuales-gobernador","status":"publish","type":"post","link":"https:\/\/encuentroinformativo.com.mx\/?p=17809","title":{"rendered":"Festejos patrios ser\u00e1n virtuales: Gobernador"},"content":{"rendered":"\n<p><strong>Dar\u00edo Pale<\/strong><\/p>\n\n\n\n<p>Xalapa, Ver.- El gobernador de Veracruz Cuitl\u00e1huac Garc\u00eda Jim\u00e9nez dio a conocer que este ser\u00e1 el segundo a\u00f1o consecutivo que se dar\u00e1 el Grito de Independencia de manera virtual.<\/p>\n\n\n\n<p>\u201cHemos tomado la decisi\u00f3n de hacer el Grito virtual. El 15 por la noche estaremos transmitiendo el Grito virtual tal y como lo hicimos el a\u00f1o pasado. Lo vamos a tener que volver a hacer as\u00ed&#8221;.<\/p>\n\n\n\n<p>En conferencia de prensa realizada en la sala de Banderas de palacio de gobierno, se\u00f1al\u00f3 que de igual forma lo tendr\u00e1n que hacer los presidentes municipales a quienes el Gobierno del Estado har\u00e1 el exhorto formal con el fin de evitar aglomeraciones y con ello el riesgo de contagios de COVID-19. \u201cQue lo hagan de la misma manera, que hagan el Grito de manera virtual\u201d.<\/p>\n\n\n\n<p>Dio a conocer que continuar\u00e1n las guardias de honor que a\u00f1o con a\u00f1o hacen funcionarios de dependencias estatales, sindicatos y otras organizaciones en el parque Miguel Hidalgo en Xalapa procurando la \u201csana distancia\u201d.<\/p>\n\n\n\n<p>Finalmente en ese tema cometo que, \u201cesas se pueden realizar, solo con peque\u00f1os grupos, ustedes han sido testigos de que aqu\u00ed mismo hemos hecho guardias y se cuidan las medidas sanitarias\u201d.<\/p>\n","protected":false},"excerpt":{"rendered":"<p>Dar\u00edo Pale Xalapa, Ver.- El gobernador de Veracruz Cuitl\u00e1huac Garc\u00eda Jim\u00e9nez dio a conocer que este ser\u00e1 el segundo a\u00f1o consecutivo que se dar\u00e1 el Grito de Independencia de manera virtual. \u201cHemos tomado la decisi\u00f3n de hacer el Grito virtual. El 15 por la noche estaremos transmitiendo el Grito virtual tal y como lo hicimos [&hellip;]<\/p>\n","protected":false},"author":1,"featured_media":17808,"comment_status":"open","ping_status":"open","sticky":false,"template":"","format":"standard","meta":{"_jetpack_memberships_contains_paid_content":false,"footnotes":""},"categories":[2],"tags":[],"class_list":["post-17809","post","type-post","status-publish","format-standard","has-post-thumbnail","hentry","category-estado"],"jetpack_featured_media_url":"https:\/\/encuentroinformativo.com.mx\/wp-content\/uploads\/2021\/08\/FD932FFC-F19B-41E3-BD6A-F567F901C1EA.jpeg","jetpack_sharing_enabled":true,"jetpack_likes_enabled":true,"amp_enabled":true,"_links":{"self":[{"href":"https:\/\/encuentroinformativo.com.mx\/index.php?rest_route=\/wp\/v2\/posts\/17809","targetHints":{"allow":["GET"]}}],"collection":[{"href":"https:\/\/encuentroinformativo.com.mx\/index.php?rest_route=\/wp\/v2\/posts"}],"about":[{"href":"https:\/\/encuentroinformativo.com.mx\/index.php?rest_route=\/wp\/v2\/types\/post"}],"author":[{"embeddable":true,"href":"https:\/\/encuentroinformativo.com.mx\/index.php?rest_route=\/wp\/v2\/users\/1"}],"replies":[{"embeddable":true,"href":"https:\/\/encuentroinformativo.com.mx\/index.php?rest_route=%2Fwp%2Fv2%2Fcomments&post=17809"}],"version-history":[{"count":1,"href":"https:\/\/encuentroinformativo.com.mx\/index.php?rest_route=\/wp\/v2\/posts\/17809\/revisions"}],"predecessor-version":[{"id":17810,"href":"https:\/\/encuentroinformativo.com.mx\/index.php?rest_route=\/wp\/v2\/posts\/17809\/revisions\/17810"}],"wp:featuredmedia":[{"embeddable":true,"href":"https:\/\/encuentroinformativo.com.mx\/index.php?rest_route=\/wp\/v2\/media\/17808"}],"wp:attachment":[{"href":"https:\/\/encuentroinformativo.com.mx\/index.php?rest_route=%2Fwp%2Fv2%2Fmedia&parent=17809"}],"wp:term":[{"taxonomy":"category","embeddable":true,"href":"https:\/\/encuentroinformativo.com.mx\/index.php?rest_route=%2Fwp%2Fv2%2Fcategories&post=17809"},{"taxonomy":"post_tag","embeddable":true,"href":"https:\/\/encuentroinformativo.com.mx\/index.php?rest_route=%2Fwp%2Fv2%2Ftags&post=17809"}],"curies":[{"name":"wp","href":"https:\/\/api.w.org\/{rel}","templated":true}]}}