{"id":17811,"date":"2021-08-28T10:39:13","date_gmt":"2021-08-28T15:39:13","guid":{"rendered":"https:\/\/encuentroinformativo.com.mx\/?p=17811"},"modified":"2021-08-28T10:39:16","modified_gmt":"2021-08-28T15:39:16","slug":"el-regreso-a-clases","status":"publish","type":"post","link":"https:\/\/encuentroinformativo.com.mx\/?p=17811","title":{"rendered":"El Regreso a Clases"},"content":{"rendered":"\n<p><strong>N\u00fameros Rojos<\/strong><br><br><strong>Brenda Caballero<\/strong><\/p>\n\n\n\n<p>Un padre llega a la farmacia y pide un cubrebocas para su hija. Le muestran varios, pero pide un N95. &#8220;Son 30 pesos&#8221;, le dice la cajera. \u00bfSer\u00e1 para el regreso a clases? Pienso.<\/p>\n\n\n\n<p>Si es as\u00ed, no ser\u00e1 permitido, ya que los N95 est\u00e1n destinados al personal de Salud. De acuerdo a lo establecido en la Gu\u00eda para el Regreso Responsable y Ordenado a las Escuelas de la Secretar\u00eda de Educaci\u00f3n P\u00fablica, tampoco permitir\u00e1n los de v\u00e1lvula de respiraci\u00f3n o ventilaci\u00f3n ya que el orificio presente en ellos podr\u00eda permitir que las gotas salieran. No podr\u00e1n usar caretas, protectores o lentes faciales porque \u201cno son eficaces para proteger a la persona que lo porta ni a las que la rodean\u201d pero s\u00ed dan la opci\u00f3n de elaborar cubrebocas de algod\u00f3n. \u00bfAcaso brindar\u00e1n mayor protecci\u00f3n? Pues ya lo sabremos en unos d\u00edas.<\/p>\n\n\n\n<p>Los cubrebocas, adem\u00e1s de gel antibacterial, se convertir\u00e1n en elementos b\u00e1sicos para todos los ni\u00f1os y ni\u00f1as que acudir\u00e1n a clases presenciales a partir del pr\u00f3ximo lunes donde habr\u00e1 de iniciar el ciclo escolar 2021-2022.\u00a0<br>Si ya de por s\u00ed los \u00fatiles escolares anuales representan un golpe al bolsillo, pensar en cubrebocas desechables diarios, gel antibacterial y en algunos casos, toallitas desinfectantes para todo el ciclo escolar, puede ser m\u00e1s costoso que pagar el internet de la casa para tomar clases en l\u00ednea, agreg\u00e1ndole el riesgo latente de que el ni\u00f1o o ni\u00f1a se enfermen en la escuela.<\/p>\n\n\n\n<p>A dos d\u00edas de iniciar las clases presenciales, algunos sindicatos de maestros han recurrido al amparo por considerar que no existen las condiciones para un regreso seguro a los salones de clases; as\u00ed mismo, padres y madres de familia han tomado su propia decisi\u00f3n sobre si sus hijos regresar\u00e1n a las aulas. Algunos m\u00e1s dr\u00e1sticos decidieron no inscribirlos aunque pierdan el a\u00f1o, mientras que otros han hecho un esfuerzo para cambiarlos a una escuela particular que mantenga las clases a distancia y puedan seguir estudiando.<\/p>\n\n\n\n<p>Algunos padres y madres de familia han manifestado su preocupaci\u00f3n en redes sociales, ya que algunas escuelas p\u00fablicas no tendr\u00e1n las dos modalidades de ense\u00f1anza, es decir: ya ser\u00e1n clases presenciales, adi\u00f3s clases en l\u00ednea o por televisi\u00f3n. Ante este escenario de obligarlos a regresar de manera presencial a la escuela, ocasionar\u00e1 sin duda mayor deserci\u00f3n escolar.<\/p>\n\n\n\n<p>De acuerdo al estudio Impacto de la Pandemia en Ni\u00f1as y Ni\u00f1os dado a conocer por la Subsecretar\u00eda de Derechos Humanos, Poblaci\u00f3n y Migraci\u00f3n, 5.2 millones de estudiantes no se inscribieron al ciclo escolar 2020-2021 a causa del Covid-19 o simplemente por falta de recursos. De esos 5.2 millones, 3 son ni\u00f1as y ni\u00f1os. La matr\u00edcula de educaci\u00f3n b\u00e1sica se redujo 2.6 por ciento; educaci\u00f3n media superior 3.1 por ciento y educaci\u00f3n superior 0.8 por ciento. \u00bfCu\u00e1ntos estudiantes ser\u00e1n para el ciclo 2021-2022? \u00bfSer\u00e1 que aumente o disminuya la cifra?<\/p>\n\n\n\n<p>Algunos docentes de escuelas p\u00fablicas hicieron encuestas entre los padres y madres de familia para ver su disponibilidad de regresar a clases presenciales, sin embargo aunque los votos fueron mayores para la modalidad en l\u00ednea, los docentes se\u00f1alaron que tendr\u00edan que volver a clases presenciales ya que su escuela no ten\u00eda la infraestructura para poder trabajar a distancia pues carec\u00edan de internet y equipo de c\u00f3mputo para que profesores se conectaran desde las instalaciones escolares, y no desde su domicilio.<\/p>\n\n\n\n<p>Estamos a dos d\u00edas de iniciar clases en la mayor\u00eda de los Estados del pa\u00eds, tal como el Presidente lo dijo: Llueve, Truene o Relampaguee, pero con una incertidumbre mucho mayor que el a\u00f1o pasado por el Covid en su apogeo. Coincido que las escuelas ya deben ser abiertas, el asunto es que no tenemos condiciones para un regreso seguro a clases de todas y todos. Ojal\u00e1 y este ensayo no haga que nos lamentemos despu\u00e9s.<\/p>\n\n\n\n<p>@NumerosRojos_BC<br><a href=\"mailto:caballero_brenda@hotmail.com\" target=\"_blank\" rel=\"noreferrer noopener\">caballero_brenda@hotmail.com<\/a><\/p>\n","protected":false},"excerpt":{"rendered":"<p>N\u00fameros Rojos Brenda Caballero Un padre llega a la farmacia y pide un cubrebocas para su hija. Le muestran varios, pero pide un N95. &#8220;Son 30 pesos&#8221;, le dice la cajera. \u00bfSer\u00e1 para el regreso a clases? Pienso. Si es as\u00ed, no ser\u00e1 permitido, ya que los N95 est\u00e1n destinados al personal de Salud. De [&hellip;]<\/p>\n","protected":false},"author":1,"featured_media":387,"comment_status":"open","ping_status":"open","sticky":false,"template":"","format":"standard","meta":{"_jetpack_memberships_contains_paid_content":false,"footnotes":""},"categories":[11],"tags":[],"class_list":["post-17811","post","type-post","status-publish","format-standard","has-post-thumbnail","hentry","category-opinion"],"jetpack_featured_media_url":"https:\/\/encuentroinformativo.com.mx\/wp-content\/uploads\/2020\/03\/7CF8A22B-2764-47BE-8F7F-38FE9E5D6A2F.jpeg","jetpack_sharing_enabled":true,"jetpack_likes_enabled":true,"amp_enabled":true,"_links":{"self":[{"href":"https:\/\/encuentroinformativo.com.mx\/index.php?rest_route=\/wp\/v2\/posts\/17811","targetHints":{"allow":["GET"]}}],"collection":[{"href":"https:\/\/encuentroinformativo.com.mx\/index.php?rest_route=\/wp\/v2\/posts"}],"about":[{"href":"https:\/\/encuentroinformativo.com.mx\/index.php?rest_route=\/wp\/v2\/types\/post"}],"author":[{"embeddable":true,"href":"https:\/\/encuentroinformativo.com.mx\/index.php?rest_route=\/wp\/v2\/users\/1"}],"replies":[{"embeddable":true,"href":"https:\/\/encuentroinformativo.com.mx\/index.php?rest_route=%2Fwp%2Fv2%2Fcomments&post=17811"}],"version-history":[{"count":1,"href":"https:\/\/encuentroinformativo.com.mx\/index.php?rest_route=\/wp\/v2\/posts\/17811\/revisions"}],"predecessor-version":[{"id":17812,"href":"https:\/\/encuentroinformativo.com.mx\/index.php?rest_route=\/wp\/v2\/posts\/17811\/revisions\/17812"}],"wp:featuredmedia":[{"embeddable":true,"href":"https:\/\/encuentroinformativo.com.mx\/index.php?rest_route=\/wp\/v2\/media\/387"}],"wp:attachment":[{"href":"https:\/\/encuentroinformativo.com.mx\/index.php?rest_route=%2Fwp%2Fv2%2Fmedia&parent=17811"}],"wp:term":[{"taxonomy":"category","embeddable":true,"href":"https:\/\/encuentroinformativo.com.mx\/index.php?rest_route=%2Fwp%2Fv2%2Fcategories&post=17811"},{"taxonomy":"post_tag","embeddable":true,"href":"https:\/\/encuentroinformativo.com.mx\/index.php?rest_route=%2Fwp%2Fv2%2Ftags&post=17811"}],"curies":[{"name":"wp","href":"https:\/\/api.w.org\/{rel}","templated":true}]}}