{"id":17813,"date":"2021-08-28T11:11:13","date_gmt":"2021-08-28T16:11:13","guid":{"rendered":"https:\/\/encuentroinformativo.com.mx\/?p=17813"},"modified":"2021-08-28T11:11:16","modified_gmt":"2021-08-28T16:11:16","slug":"mc-veracruz-tiene-nueva-comision-operativa-repite-sergio-gil-rullan","status":"publish","type":"post","link":"https:\/\/encuentroinformativo.com.mx\/?p=17813","title":{"rendered":"MC Veracruz tiene nueva Comisi\u00f3n Operativa, repite Sergio Gil Rull\u00e1n"},"content":{"rendered":"\n<p><strong>Alejandro \u00c1vila<\/strong><\/p>\n\n\n\n<p>Alvarado, Ver.- Este viernes en Alvarado se llev\u00f3 a cabo la Asamblea Estatal del partido Movimiento Ciudadano y donde se eligi\u00f3 la nueva Comisi\u00f3n Operativa; al frente, como dirigente estatal, repetir\u00e1 del 2021 al 2024, Sergio Gil Rull\u00e1n.<\/p>\n\n\n\n<p>Dicha Comisi\u00f3n Operativa qued\u00f3 integrada por Ivonne Trujillo Ortiz, Sof\u00eda Yunes Gamboa, Elena C\u00f3rdova Molina, Alba Espinoza Baz\u00e1n, Rodolfo Quiroz Mar y Juan Santana Chang Navarrete.<\/p>\n\n\n\n<p>Adem\u00e1s, se eligi\u00f3 tambi\u00e9n a Dulce Mar\u00eda M\u00e9ndez de la Luz, como presidenta del Consejo Estatal y Carlos Flores Calder\u00f3n como Secretario.&nbsp;<\/p>\n\n\n\n<p>En el evento estuvo presente el Senador y presidente nacional de Movimiento Ciudadano, Dante Delgado Rannauro el cual presidio la Asamblea del Estado de Veracruz; el cual tom\u00f3 protesta a los integrantes de la Coordinadora Ciudadana, a los delegados y delegadas a la Convenci\u00f3n Nacional Democr\u00e1tica, y a las Consejeras y Consejeros numerarios al Consejo Estatal.&nbsp;<\/p>\n\n\n\n<p>&#8220;Seguir\u00e9 trabajando como hasta ahora con el firme compromiso de recuperar la grandeza de Veracruz, seguiremos caminando con ustedes, porque somos una comunidad de hombres y mujeres de bien que solo tienen una meta, y una meta muy clara, que es que la gente viva mejor\u201d, remarc\u00f3 Gil Rull\u00e1n en su discurso.<\/p>\n\n\n\n<p>El presidente estatal de Movimiento Ciudadano en Veracruz, asegur\u00f3 que en 2024, su partido ser\u00e1 quien defina la gubernatura de Veracruz y la Presidencia de la Rep\u00fablica.&nbsp;<\/p>\n\n\n\n<p>\u201cPasa por Movimiento Ciudadano el futuro de los veracruzanos, pasa por nuestras manos el futuro de las comunidades, pasa por nosotros el bien de Veracruz\u201d, apunt\u00f3.<\/p>\n\n\n\n<p>Cabe mencionar que en la pasada elecci\u00f3n del 6 de junio, Movimiento Ciudadano obtuvo en Veracruz 17 presidencias municipales, 17 s\u00edndicaturas, 61 regidur\u00edas, y 3 diputaciones locales.&nbsp;<\/p>\n","protected":false},"excerpt":{"rendered":"<p>Alejandro \u00c1vila Alvarado, Ver.- Este viernes en Alvarado se llev\u00f3 a cabo la Asamblea Estatal del partido Movimiento Ciudadano y donde se eligi\u00f3 la nueva Comisi\u00f3n Operativa; al frente, como dirigente estatal, repetir\u00e1 del 2021 al 2024, Sergio Gil Rull\u00e1n. Dicha Comisi\u00f3n Operativa qued\u00f3 integrada por Ivonne Trujillo Ortiz, Sof\u00eda Yunes Gamboa, Elena C\u00f3rdova Molina, [&hellip;]<\/p>\n","protected":false},"author":1,"featured_media":17814,"comment_status":"open","ping_status":"open","sticky":false,"template":"","format":"standard","meta":{"_jetpack_memberships_contains_paid_content":false,"footnotes":""},"categories":[2],"tags":[],"class_list":["post-17813","post","type-post","status-publish","format-standard","has-post-thumbnail","hentry","category-estado"],"jetpack_featured_media_url":"https:\/\/encuentroinformativo.com.mx\/wp-content\/uploads\/2021\/08\/73A55862-FE04-4F50-BF36-44D13C7F2F8F.jpeg","jetpack_sharing_enabled":true,"jetpack_likes_enabled":true,"amp_enabled":true,"_links":{"self":[{"href":"https:\/\/encuentroinformativo.com.mx\/index.php?rest_route=\/wp\/v2\/posts\/17813","targetHints":{"allow":["GET"]}}],"collection":[{"href":"https:\/\/encuentroinformativo.com.mx\/index.php?rest_route=\/wp\/v2\/posts"}],"about":[{"href":"https:\/\/encuentroinformativo.com.mx\/index.php?rest_route=\/wp\/v2\/types\/post"}],"author":[{"embeddable":true,"href":"https:\/\/encuentroinformativo.com.mx\/index.php?rest_route=\/wp\/v2\/users\/1"}],"replies":[{"embeddable":true,"href":"https:\/\/encuentroinformativo.com.mx\/index.php?rest_route=%2Fwp%2Fv2%2Fcomments&post=17813"}],"version-history":[{"count":1,"href":"https:\/\/encuentroinformativo.com.mx\/index.php?rest_route=\/wp\/v2\/posts\/17813\/revisions"}],"predecessor-version":[{"id":17815,"href":"https:\/\/encuentroinformativo.com.mx\/index.php?rest_route=\/wp\/v2\/posts\/17813\/revisions\/17815"}],"wp:featuredmedia":[{"embeddable":true,"href":"https:\/\/encuentroinformativo.com.mx\/index.php?rest_route=\/wp\/v2\/media\/17814"}],"wp:attachment":[{"href":"https:\/\/encuentroinformativo.com.mx\/index.php?rest_route=%2Fwp%2Fv2%2Fmedia&parent=17813"}],"wp:term":[{"taxonomy":"category","embeddable":true,"href":"https:\/\/encuentroinformativo.com.mx\/index.php?rest_route=%2Fwp%2Fv2%2Fcategories&post=17813"},{"taxonomy":"post_tag","embeddable":true,"href":"https:\/\/encuentroinformativo.com.mx\/index.php?rest_route=%2Fwp%2Fv2%2Ftags&post=17813"}],"curies":[{"name":"wp","href":"https:\/\/api.w.org\/{rel}","templated":true}]}}