{"id":1782,"date":"2020-04-11T20:04:12","date_gmt":"2020-04-12T01:04:12","guid":{"rendered":"https:\/\/encuentroinformativo.com\/?p=1782"},"modified":"2020-04-11T20:04:14","modified_gmt":"2020-04-12T01:04:14","slug":"registra-mexico-273-defunciones-por-covid-19","status":"publish","type":"post","link":"https:\/\/encuentroinformativo.com.mx\/?p=1782","title":{"rendered":"Registra M\u00e9xico 273 defunciones por Covid-19"},"content":{"rendered":"\n<p>M\u00e9xico (Fuente: <strong>Notimex<\/strong>).- El director general de Epidemiolog\u00eda de la Secretar\u00eda de Salud, Jos\u00e9 Luis Alom\u00eda Zegarra, confirm\u00f3 que hasta este s\u00e1bado en M\u00e9xico se han reportado cuatro mil 219 casos positivos de COVID-19 y 273 fallecimientos.<\/p>\n\n\n\n<p>En conferencia de prensa, detall\u00f3 que tambi\u00e9n se han registrado 21 mil 277 casos negativos y nueve mil 983 mil sospechosos, cuyo estado de salud se definir\u00e1 en las pr\u00f3ximas 24 horas. Asimismo, se han estudiado a 35 mil 479 personas.<\/p>\n\n\n\n<p>Agreg\u00f3 que los adultos mayores siguen reportando la mayor carga de enfermedad grave, por lo que hizo un llamado a que este grupo etario atienda a la Jornada Nacional de Sana Distancia.<\/p>\n\n\n\n<p><\/p>\n","protected":false},"excerpt":{"rendered":"<p>M\u00e9xico (Fuente: Notimex).- El director general de Epidemiolog\u00eda de la Secretar\u00eda de Salud, Jos\u00e9 Luis Alom\u00eda Zegarra, confirm\u00f3 que hasta este s\u00e1bado en M\u00e9xico se han reportado cuatro mil 219 casos positivos de COVID-19 y 273 fallecimientos. En conferencia de prensa, detall\u00f3 que tambi\u00e9n se han registrado 21 mil 277 casos negativos y nueve mil [&hellip;]<\/p>\n","protected":false},"author":1,"featured_media":1661,"comment_status":"open","ping_status":"open","sticky":false,"template":"","format":"standard","meta":{"_jetpack_memberships_contains_paid_content":false,"footnotes":""},"categories":[12],"tags":[],"class_list":["post-1782","post","type-post","status-publish","format-standard","has-post-thumbnail","hentry","category-nacional"],"jetpack_featured_media_url":"https:\/\/encuentroinformativo.com.mx\/wp-content\/uploads\/2020\/04\/2CF200D1-2BD2-4654-B535-63F14A11CBCA.jpeg","jetpack_sharing_enabled":true,"jetpack_likes_enabled":true,"amp_enabled":true,"_links":{"self":[{"href":"https:\/\/encuentroinformativo.com.mx\/index.php?rest_route=\/wp\/v2\/posts\/1782","targetHints":{"allow":["GET"]}}],"collection":[{"href":"https:\/\/encuentroinformativo.com.mx\/index.php?rest_route=\/wp\/v2\/posts"}],"about":[{"href":"https:\/\/encuentroinformativo.com.mx\/index.php?rest_route=\/wp\/v2\/types\/post"}],"author":[{"embeddable":true,"href":"https:\/\/encuentroinformativo.com.mx\/index.php?rest_route=\/wp\/v2\/users\/1"}],"replies":[{"embeddable":true,"href":"https:\/\/encuentroinformativo.com.mx\/index.php?rest_route=%2Fwp%2Fv2%2Fcomments&post=1782"}],"version-history":[{"count":1,"href":"https:\/\/encuentroinformativo.com.mx\/index.php?rest_route=\/wp\/v2\/posts\/1782\/revisions"}],"predecessor-version":[{"id":1783,"href":"https:\/\/encuentroinformativo.com.mx\/index.php?rest_route=\/wp\/v2\/posts\/1782\/revisions\/1783"}],"wp:featuredmedia":[{"embeddable":true,"href":"https:\/\/encuentroinformativo.com.mx\/index.php?rest_route=\/wp\/v2\/media\/1661"}],"wp:attachment":[{"href":"https:\/\/encuentroinformativo.com.mx\/index.php?rest_route=%2Fwp%2Fv2%2Fmedia&parent=1782"}],"wp:term":[{"taxonomy":"category","embeddable":true,"href":"https:\/\/encuentroinformativo.com.mx\/index.php?rest_route=%2Fwp%2Fv2%2Fcategories&post=1782"},{"taxonomy":"post_tag","embeddable":true,"href":"https:\/\/encuentroinformativo.com.mx\/index.php?rest_route=%2Fwp%2Fv2%2Ftags&post=1782"}],"curies":[{"name":"wp","href":"https:\/\/api.w.org\/{rel}","templated":true}]}}