{"id":17834,"date":"2021-08-29T17:36:34","date_gmt":"2021-08-29T22:36:34","guid":{"rendered":"https:\/\/encuentroinformativo.com.mx\/?p=17834"},"modified":"2021-08-29T17:36:39","modified_gmt":"2021-08-29T22:36:39","slug":"jose-suena-con-ser-militar-quiere-seguir-estudiando","status":"publish","type":"post","link":"https:\/\/encuentroinformativo.com.mx\/?p=17834","title":{"rendered":"Jos\u00e9, sue\u00f1a con ser militar; quiere seguir estudiando"},"content":{"rendered":"\n<p><strong>Juan Arcos<\/strong><\/p>\n\n\n\n<p>Xalapa, Ver.- Jos\u00e9 tiene apenas 11 a\u00f1os, sue\u00f1a con ser militar y desea con ansias volver a clases presenciales este lunes 30 de agosto; sin embargo, su familia es de escasos recursos y no tiene los medios para acceder a los \u00fatiles escolares, uniforme, zapatos y tenis.<\/p>\n\n\n\n<p>Es originario de Xalapa, la capital de Veracruz. Vive en la colonia Miguel Alem\u00e1n, en la zona alejada conocida como la Reserva Territorial, de donde se traslada hasta el Centro Hist\u00f3rico de la ciudad para pedir el apoyo a la poblaci\u00f3n con una cartulina.<\/p>\n\n\n\n<p>\u201cAp\u00f3yame por favor para mis \u00fatiles, uniforme y mochila, aunque sea usadita que tenga en casa por favor\u201d, se lee en la pancarta que sostiene sobre la calle Doctor Rafael Lucio, a un costado del Pasaje Tanos y muy cerca de Plaza Sebasti\u00e1n Lerdo de Tejada y Palacio de Gobierno.<\/p>\n\n\n\n<p>El menor viste una sudadera con gorro, tenis rotos y con su mano derecha sostiene un pl\u00e1tano que le obsequiaron los transe\u00fantes en la mencionada zona comercial.<\/p>\n\n\n\n<p>\u201cPido dinero para mis \u00fatiles para que compre mis zapatitos, mi mochila, mis \u00fatiles, mi lapicero para que vaya a la escuela y estudie\u201d, comenta.<\/p>\n\n\n\n<p>Dice que no tiene pap\u00e1 y su madre est\u00e1 enferma, por lo que ella s\u00f3lo ha podido trabajar vendiendo chocolates, tambi\u00e9n en calles c\u00e9ntricas de la capital veracruzana.<\/p>\n\n\n\n<p>Jos\u00e9 pas\u00f3 al quinto grado de primaria con calificaciones de ocho, nueve y diez en la escuela \u201cJos\u00e9 Mar\u00eda Morelos y Pav\u00f3n\u201d, ubicada cerca de donde vive. Pero en este retorno a las aulas, no est\u00e1 preparado.<\/p>\n\n\n\n<p>El ni\u00f1o se cubre parte del rostro con el gorro por pena; tambi\u00e9n usa un cubrebocas KN95 percudido, con tonalidades gris\u00e1ceas en la parte externa.<\/p>\n\n\n\n<p>\u201cMi sue\u00f1o siempre ha sido ser militar. Estoy aqu\u00ed desde antier (desde el viernes), la gente s\u00ed me apoya tantito con dinero\u201d, relata.<\/p>\n\n\n\n<p>Jos\u00e9 tiene la esperanza de recaudar el dinero para comprar los art\u00edculos que necesita y as\u00ed volver a su sal\u00f3n de clases, a las ocho de la ma\u00f1ana, en punto.<\/p>\n\n\n\n<p>La ma\u00f1ana de lunes miles de estudiantes de todos los niveles educativos regresar\u00e1n a las aulas, despu\u00e9s de m\u00e1s de un a\u00f1o de clases a distancia por la pandemia del coronavirus.<\/p>\n","protected":false},"excerpt":{"rendered":"<p>Juan Arcos Xalapa, Ver.- Jos\u00e9 tiene apenas 11 a\u00f1os, sue\u00f1a con ser militar y desea con ansias volver a clases presenciales este lunes 30 de agosto; sin embargo, su familia es de escasos recursos y no tiene los medios para acceder a los \u00fatiles escolares, uniforme, zapatos y tenis. Es originario de Xalapa, la capital [&hellip;]<\/p>\n","protected":false},"author":1,"featured_media":17835,"comment_status":"open","ping_status":"open","sticky":false,"template":"","format":"standard","meta":{"_jetpack_memberships_contains_paid_content":false,"footnotes":""},"categories":[3],"tags":[],"class_list":["post-17834","post","type-post","status-publish","format-standard","has-post-thumbnail","hentry","category-xalapa"],"jetpack_featured_media_url":"https:\/\/encuentroinformativo.com.mx\/wp-content\/uploads\/2021\/08\/55A112AB-6BF8-4372-8053-5A3C01F03492.jpeg","jetpack_sharing_enabled":true,"jetpack_likes_enabled":true,"amp_enabled":true,"_links":{"self":[{"href":"https:\/\/encuentroinformativo.com.mx\/index.php?rest_route=\/wp\/v2\/posts\/17834","targetHints":{"allow":["GET"]}}],"collection":[{"href":"https:\/\/encuentroinformativo.com.mx\/index.php?rest_route=\/wp\/v2\/posts"}],"about":[{"href":"https:\/\/encuentroinformativo.com.mx\/index.php?rest_route=\/wp\/v2\/types\/post"}],"author":[{"embeddable":true,"href":"https:\/\/encuentroinformativo.com.mx\/index.php?rest_route=\/wp\/v2\/users\/1"}],"replies":[{"embeddable":true,"href":"https:\/\/encuentroinformativo.com.mx\/index.php?rest_route=%2Fwp%2Fv2%2Fcomments&post=17834"}],"version-history":[{"count":1,"href":"https:\/\/encuentroinformativo.com.mx\/index.php?rest_route=\/wp\/v2\/posts\/17834\/revisions"}],"predecessor-version":[{"id":17836,"href":"https:\/\/encuentroinformativo.com.mx\/index.php?rest_route=\/wp\/v2\/posts\/17834\/revisions\/17836"}],"wp:featuredmedia":[{"embeddable":true,"href":"https:\/\/encuentroinformativo.com.mx\/index.php?rest_route=\/wp\/v2\/media\/17835"}],"wp:attachment":[{"href":"https:\/\/encuentroinformativo.com.mx\/index.php?rest_route=%2Fwp%2Fv2%2Fmedia&parent=17834"}],"wp:term":[{"taxonomy":"category","embeddable":true,"href":"https:\/\/encuentroinformativo.com.mx\/index.php?rest_route=%2Fwp%2Fv2%2Fcategories&post=17834"},{"taxonomy":"post_tag","embeddable":true,"href":"https:\/\/encuentroinformativo.com.mx\/index.php?rest_route=%2Fwp%2Fv2%2Ftags&post=17834"}],"curies":[{"name":"wp","href":"https:\/\/api.w.org\/{rel}","templated":true}]}}