{"id":17837,"date":"2021-08-29T17:45:36","date_gmt":"2021-08-29T22:45:36","guid":{"rendered":"https:\/\/encuentroinformativo.com.mx\/?p=17837"},"modified":"2021-08-29T17:45:41","modified_gmt":"2021-08-29T22:45:41","slug":"habra-regreso-a-clases-en-veracruz-sep","status":"publish","type":"post","link":"https:\/\/encuentroinformativo.com.mx\/?p=17837","title":{"rendered":"Habr\u00e1 regreso a clases en Veracruz: SEP"},"content":{"rendered":"\n<p><strong>Juan Arcos<\/strong><\/p>\n\n\n\n<p>Xalapa, Ver.- La titular de la Secretar\u00eda de Educaci\u00f3n P\u00fablica (SEP), Delfina G\u00f3mez \u00c1lvarez, indic\u00f3 que est\u00e1 todo listo para el regreso a clases presenciales en Veracruz.<\/p>\n\n\n\n<p>La funcionaria federal visit\u00f3 la escuela primaria \u201c20 de Noviembre\u201d en la ciudad de Xalapa, donde admiti\u00f3 que hay diversas necesidades en los planteles educativos.<\/p>\n\n\n\n<p>Sin embargo, a su juicio, se requiere el retorno a las aulas, debido a que a\u00fan no hay una alternativa que sustituya la ense\u00f1anza de los profesores frente a su grupo.<\/p>\n\n\n\n<p>\u201cPor otra lado, la obesidad, tenemos ahorita muchas situaciones, estr\u00e9s y es tiempo de salir con toda las precauciones y protocolos que sean necesarios\u201d, expres\u00f3.<\/p>\n\n\n\n<p>G\u00f3mez \u00c1lvarez record\u00f3 que cada plantel definir\u00e1 los protocolos sanitarios que sean necesarios para el regreso a clases presenciales, pese a la tercera ola de contagios por SARS-COV-2 (COVID-19).<\/p>\n\n\n\n<p>No obstante, indic\u00f3 que ser\u00e1 obligatorio que los padres de familia revisen en casa a los alumnos para descartar s\u00edntomas de alarma, as\u00ed como tambi\u00e9n, garantizar el uso del cubrebocas y la aplicaci\u00f3n de medidas sanitarias en los salones de clases.<\/p>\n\n\n\n<p>Tambi\u00e9n reconoci\u00f3 el trabajo del gobierno de Veracruz, mismo que ha sido constante para mejorar las condiciones de las escuelas que han sido afectadas por saqueos y actos vand\u00e1licos, y recientemente por el paso del hurac\u00e1n \u201cGrace\u201d.<\/p>\n\n\n\n<p>Cabe mencionar que la Secretar\u00eda de Educaci\u00f3n de Veracruz (SEV) ha reportado da\u00f1os en m\u00e1s de 3 mil planteles educativos, por ambos motivos mencionados.<\/p>\n\n\n\n<p>\u201cVeracruz es un caso muy especial al que le daremos mucha atenci\u00f3n, pero no deja de reconocer que en las escuelas donde he ido, los maestros siempre tienen un buen reconocimiento hacia las autoridades estatales\u201d, enfatiz\u00f3 la Secretaria de Educaci\u00f3n P\u00fablica.<\/p>\n","protected":false},"excerpt":{"rendered":"<p>Juan Arcos Xalapa, Ver.- La titular de la Secretar\u00eda de Educaci\u00f3n P\u00fablica (SEP), Delfina G\u00f3mez \u00c1lvarez, indic\u00f3 que est\u00e1 todo listo para el regreso a clases presenciales en Veracruz. La funcionaria federal visit\u00f3 la escuela primaria \u201c20 de Noviembre\u201d en la ciudad de Xalapa, donde admiti\u00f3 que hay diversas necesidades en los planteles educativos. Sin [&hellip;]<\/p>\n","protected":false},"author":1,"featured_media":17838,"comment_status":"open","ping_status":"open","sticky":false,"template":"","format":"standard","meta":{"_jetpack_memberships_contains_paid_content":false,"footnotes":""},"categories":[2],"tags":[],"class_list":["post-17837","post","type-post","status-publish","format-standard","has-post-thumbnail","hentry","category-estado"],"jetpack_featured_media_url":"https:\/\/encuentroinformativo.com.mx\/wp-content\/uploads\/2021\/08\/38ECB5AF-20C0-412A-AE92-5ECD20EBD56B.jpeg","jetpack_sharing_enabled":true,"jetpack_likes_enabled":true,"amp_enabled":true,"_links":{"self":[{"href":"https:\/\/encuentroinformativo.com.mx\/index.php?rest_route=\/wp\/v2\/posts\/17837","targetHints":{"allow":["GET"]}}],"collection":[{"href":"https:\/\/encuentroinformativo.com.mx\/index.php?rest_route=\/wp\/v2\/posts"}],"about":[{"href":"https:\/\/encuentroinformativo.com.mx\/index.php?rest_route=\/wp\/v2\/types\/post"}],"author":[{"embeddable":true,"href":"https:\/\/encuentroinformativo.com.mx\/index.php?rest_route=\/wp\/v2\/users\/1"}],"replies":[{"embeddable":true,"href":"https:\/\/encuentroinformativo.com.mx\/index.php?rest_route=%2Fwp%2Fv2%2Fcomments&post=17837"}],"version-history":[{"count":1,"href":"https:\/\/encuentroinformativo.com.mx\/index.php?rest_route=\/wp\/v2\/posts\/17837\/revisions"}],"predecessor-version":[{"id":17839,"href":"https:\/\/encuentroinformativo.com.mx\/index.php?rest_route=\/wp\/v2\/posts\/17837\/revisions\/17839"}],"wp:featuredmedia":[{"embeddable":true,"href":"https:\/\/encuentroinformativo.com.mx\/index.php?rest_route=\/wp\/v2\/media\/17838"}],"wp:attachment":[{"href":"https:\/\/encuentroinformativo.com.mx\/index.php?rest_route=%2Fwp%2Fv2%2Fmedia&parent=17837"}],"wp:term":[{"taxonomy":"category","embeddable":true,"href":"https:\/\/encuentroinformativo.com.mx\/index.php?rest_route=%2Fwp%2Fv2%2Fcategories&post=17837"},{"taxonomy":"post_tag","embeddable":true,"href":"https:\/\/encuentroinformativo.com.mx\/index.php?rest_route=%2Fwp%2Fv2%2Ftags&post=17837"}],"curies":[{"name":"wp","href":"https:\/\/api.w.org\/{rel}","templated":true}]}}