{"id":17842,"date":"2021-08-29T17:59:09","date_gmt":"2021-08-29T22:59:09","guid":{"rendered":"https:\/\/encuentroinformativo.com.mx\/?p=17842"},"modified":"2021-08-29T17:59:13","modified_gmt":"2021-08-29T22:59:13","slug":"4-mil-escuelas-sin-condiciones-para-clases-presenciales","status":"publish","type":"post","link":"https:\/\/encuentroinformativo.com.mx\/?p=17842","title":{"rendered":"4 mil escuelas sin condiciones para clases presenciales"},"content":{"rendered":"\n<p><strong>Juan Arcos<\/strong><\/p>\n\n\n\n<p>Xalapa, Ver.- El titular de la Secretar\u00eda de Educaci\u00f3n de Veracruz (SEV), Zenyazen Escobar Garc\u00eda, revel\u00f3 que ya son 4 mil escuelas que no est\u00e1n en condiciones para el regreso a clases presenciales este lunes 30 de agosto.<\/p>\n\n\n\n<p>El funcionario estatal indic\u00f3 que hay buena disposici\u00f3n por parte de maestras, maestros y madres y padres de familia para el retorno a las aulas donde hay condiciones favorables para ello.<\/p>\n\n\n\n<p>\u201cLas escuelas del norte es donde nos peg\u00f3 m\u00e1s fuerte el hurac\u00e1n (Grace), eran 3 mil 18, estamos hablando de que ya subi\u00f3 a 4 mil escuelas, pero estamos generando las condiciones para el regreso\u201d, expres\u00f3.<\/p>\n\n\n\n<p>Tambi\u00e9n detall\u00f3 que, en caso de que un alumno presente s\u00edntomas de SARS-COV-2 (COVID-19) y resulte positivo, ser\u00e1 canalizado a observaci\u00f3n y posteriormente ser\u00e1 cerrado su sal\u00f3n de clases.\u00a0<\/p>\n\n\n\n<p>\u201cEs lo que se ha planteado, la estrategia que plantea la Federaci\u00f3n, en ese mismo sentido nos hemos estado ajustando a todos los protocolos\u201d.<\/p>\n\n\n\n<p>En cada escuela se buscar\u00e1 garantizar la sana distancia, los filtros sanitarios y tambi\u00e9n la vigilancia por parte de los comit\u00e9s de participaci\u00f3n de salud, integrados por madres y padres de familia.<\/p>\n\n\n\n<p>Escobar Garc\u00eda record\u00f3 que los profesores deber\u00e1n permanecer en los planteles educativos para evitar que haya sanciones en su contra.<\/p>\n\n\n\n<p>\u201cLas escuelas tienen que estar abiertas. Pedag\u00f3gicamente no creo que haya maestros en el estado de Veracruz que no quieran trabajar, porque conozco a mis compa\u00f1eros. No tiene porqu\u00e9 haber un tema de sanci\u00f3n, los maestros est\u00e1n comprometidos con la educaci\u00f3n, con la ni\u00f1ez y la juventud en nuestro estado\u201d, remat\u00f3.<\/p>\n","protected":false},"excerpt":{"rendered":"<p>Juan Arcos Xalapa, Ver.- El titular de la Secretar\u00eda de Educaci\u00f3n de Veracruz (SEV), Zenyazen Escobar Garc\u00eda, revel\u00f3 que ya son 4 mil escuelas que no est\u00e1n en condiciones para el regreso a clases presenciales este lunes 30 de agosto. El funcionario estatal indic\u00f3 que hay buena disposici\u00f3n por parte de maestras, maestros y madres [&hellip;]<\/p>\n","protected":false},"author":1,"featured_media":17843,"comment_status":"open","ping_status":"open","sticky":false,"template":"","format":"standard","meta":{"_jetpack_memberships_contains_paid_content":false,"footnotes":""},"categories":[2],"tags":[],"class_list":["post-17842","post","type-post","status-publish","format-standard","has-post-thumbnail","hentry","category-estado"],"jetpack_featured_media_url":"https:\/\/encuentroinformativo.com.mx\/wp-content\/uploads\/2021\/08\/E2E2DAB9-05D5-4096-928C-B2F0A8B7CBCB.jpeg","jetpack_sharing_enabled":true,"jetpack_likes_enabled":true,"amp_enabled":true,"_links":{"self":[{"href":"https:\/\/encuentroinformativo.com.mx\/index.php?rest_route=\/wp\/v2\/posts\/17842","targetHints":{"allow":["GET"]}}],"collection":[{"href":"https:\/\/encuentroinformativo.com.mx\/index.php?rest_route=\/wp\/v2\/posts"}],"about":[{"href":"https:\/\/encuentroinformativo.com.mx\/index.php?rest_route=\/wp\/v2\/types\/post"}],"author":[{"embeddable":true,"href":"https:\/\/encuentroinformativo.com.mx\/index.php?rest_route=\/wp\/v2\/users\/1"}],"replies":[{"embeddable":true,"href":"https:\/\/encuentroinformativo.com.mx\/index.php?rest_route=%2Fwp%2Fv2%2Fcomments&post=17842"}],"version-history":[{"count":1,"href":"https:\/\/encuentroinformativo.com.mx\/index.php?rest_route=\/wp\/v2\/posts\/17842\/revisions"}],"predecessor-version":[{"id":17844,"href":"https:\/\/encuentroinformativo.com.mx\/index.php?rest_route=\/wp\/v2\/posts\/17842\/revisions\/17844"}],"wp:featuredmedia":[{"embeddable":true,"href":"https:\/\/encuentroinformativo.com.mx\/index.php?rest_route=\/wp\/v2\/media\/17843"}],"wp:attachment":[{"href":"https:\/\/encuentroinformativo.com.mx\/index.php?rest_route=%2Fwp%2Fv2%2Fmedia&parent=17842"}],"wp:term":[{"taxonomy":"category","embeddable":true,"href":"https:\/\/encuentroinformativo.com.mx\/index.php?rest_route=%2Fwp%2Fv2%2Fcategories&post=17842"},{"taxonomy":"post_tag","embeddable":true,"href":"https:\/\/encuentroinformativo.com.mx\/index.php?rest_route=%2Fwp%2Fv2%2Ftags&post=17842"}],"curies":[{"name":"wp","href":"https:\/\/api.w.org\/{rel}","templated":true}]}}