{"id":17845,"date":"2021-08-29T18:06:17","date_gmt":"2021-08-29T23:06:17","guid":{"rendered":"https:\/\/encuentroinformativo.com.mx\/?p=17845"},"modified":"2021-08-30T05:34:17","modified_gmt":"2021-08-30T10:34:17","slug":"preside-veracruzano-sergio-gutierrez-mesa-directiva-en-san-lazaro","status":"publish","type":"post","link":"https:\/\/encuentroinformativo.com.mx\/?p=17845","title":{"rendered":"Preside veracruzano Sergio Guti\u00e9rrez, Mesa Directiva en San L\u00e1zaro"},"content":{"rendered":"\n<p><strong>Alejandro \u00c1vila<\/strong><\/p>\n\n\n\n<p>Veracruz, Ver.- El pleno de la C\u00e1mara de Diputados aval\u00f3 la propuesta de que el minatitleco Sergio Guti\u00e9rrez Luna presida la Mesa Directiva en el primer a\u00f1o de la LXV Legislatura.<\/p>\n\n\n\n<p>De forma concesada, todas las corrientes pol\u00edticas respaldaron la propuesta del Grupo Parlamentario de Morena y con 491 votos a favor, el Pleno de la C\u00e1mara de Diputados aprob\u00f3 la planilla encabezada por el veracruzano.<\/p>\n\n\n\n<p>El acuerdo de la Junta de Coordinaci\u00f3n Pol\u00edtica (Jucopo) para la integraci\u00f3n de la Mesa Directiva se\u00f1ala que ocupar\u00e1n el cargo de vicepresidentas las diputadas Karla Almaz\u00e1n Burgos, Marcela Guerra Castillo (PRI) y como vicepresidente el diputado Santiago Creel Mendoza (PAN).<\/p>\n\n\n\n<p>El nacido en el municipio de Minatitl\u00e1n, hizo extensa la solicitud para informar por escrito al Presidente de la Rep\u00fablica, la C\u00e1mara de Senadores, la Suprema Corte de Justicia de la Naci\u00f3n, y Congresos de los Estados.<\/p>\n\n\n\n<p>En ese sentido, Guti\u00e9rrez Luna destac\u00f3 que priorizar\u00e1 el di\u00e1logo y buscar\u00e1 la construcci\u00f3n de acuerdos con los diferentes grupos legislativos, pues asegur\u00f3 ser\u00e1 esencial para concretar reformas legislativas que beneficien al pa\u00eds.<\/p>\n","protected":false},"excerpt":{"rendered":"<p>Alejandro \u00c1vila Veracruz, Ver.- El pleno de la C\u00e1mara de Diputados aval\u00f3 la propuesta de que el minatitleco Sergio Guti\u00e9rrez Luna presida la Mesa Directiva en el primer a\u00f1o de la LXV Legislatura. De forma concesada, todas las corrientes pol\u00edticas respaldaron la propuesta del Grupo Parlamentario de Morena y con 491 votos a favor, el [&hellip;]<\/p>\n","protected":false},"author":1,"featured_media":17846,"comment_status":"open","ping_status":"open","sticky":false,"template":"","format":"standard","meta":{"_jetpack_memberships_contains_paid_content":false,"footnotes":""},"categories":[2,12],"tags":[],"class_list":["post-17845","post","type-post","status-publish","format-standard","has-post-thumbnail","hentry","category-estado","category-nacional"],"jetpack_featured_media_url":"https:\/\/encuentroinformativo.com.mx\/wp-content\/uploads\/2021\/08\/F4D7D341-AD59-4A4C-BD88-7507D66483E1.jpeg","jetpack_sharing_enabled":true,"jetpack_likes_enabled":true,"amp_enabled":true,"_links":{"self":[{"href":"https:\/\/encuentroinformativo.com.mx\/index.php?rest_route=\/wp\/v2\/posts\/17845","targetHints":{"allow":["GET"]}}],"collection":[{"href":"https:\/\/encuentroinformativo.com.mx\/index.php?rest_route=\/wp\/v2\/posts"}],"about":[{"href":"https:\/\/encuentroinformativo.com.mx\/index.php?rest_route=\/wp\/v2\/types\/post"}],"author":[{"embeddable":true,"href":"https:\/\/encuentroinformativo.com.mx\/index.php?rest_route=\/wp\/v2\/users\/1"}],"replies":[{"embeddable":true,"href":"https:\/\/encuentroinformativo.com.mx\/index.php?rest_route=%2Fwp%2Fv2%2Fcomments&post=17845"}],"version-history":[{"count":2,"href":"https:\/\/encuentroinformativo.com.mx\/index.php?rest_route=\/wp\/v2\/posts\/17845\/revisions"}],"predecessor-version":[{"id":17848,"href":"https:\/\/encuentroinformativo.com.mx\/index.php?rest_route=\/wp\/v2\/posts\/17845\/revisions\/17848"}],"wp:featuredmedia":[{"embeddable":true,"href":"https:\/\/encuentroinformativo.com.mx\/index.php?rest_route=\/wp\/v2\/media\/17846"}],"wp:attachment":[{"href":"https:\/\/encuentroinformativo.com.mx\/index.php?rest_route=%2Fwp%2Fv2%2Fmedia&parent=17845"}],"wp:term":[{"taxonomy":"category","embeddable":true,"href":"https:\/\/encuentroinformativo.com.mx\/index.php?rest_route=%2Fwp%2Fv2%2Fcategories&post=17845"},{"taxonomy":"post_tag","embeddable":true,"href":"https:\/\/encuentroinformativo.com.mx\/index.php?rest_route=%2Fwp%2Fv2%2Ftags&post=17845"}],"curies":[{"name":"wp","href":"https:\/\/api.w.org\/{rel}","templated":true}]}}