{"id":17851,"date":"2021-08-30T10:43:32","date_gmt":"2021-08-30T15:43:32","guid":{"rendered":"https:\/\/encuentroinformativo.com.mx\/?p=17851"},"modified":"2021-08-30T10:43:36","modified_gmt":"2021-08-30T15:43:36","slug":"en-coatepec-mas-de-la-mitad-de-alumnos-no-regreso-a-clases","status":"publish","type":"post","link":"https:\/\/encuentroinformativo.com.mx\/?p=17851","title":{"rendered":"En Coatepec, m\u00e1s de la mitad de alumnos no regres\u00f3 a clases"},"content":{"rendered":"\n<p><strong>Juan Arcos<\/strong><\/p>\n\n\n\n<p>Coatepec, Ver.- En algunas escuelas del municipio de Coatepec no regres\u00f3 a clases presenciales ni la mitad del total de los estudiantes este lunes 30 de agosto.<\/p>\n\n\n\n<p>As\u00ed fue el caso de la escuela primaria \u201cBenito Ju\u00e1rez Garc\u00eda\u201d, ubicada sobre la calle Melchor Ocampo esquina Miguel Lerdo, a un costado de Palacio Municipal.\u00a0<\/p>\n\n\n\n<p>En el lugar, la directora del plantel, Zozaly Zurita P\u00e9rez, indic\u00f3 que s\u00f3lo el 28 por ciento de la matr\u00edcula escolar retorn\u00f3 a las aulas por desconfianza de los padres de familia.<\/p>\n\n\n\n<p>El total de alumnos en esta escuela del nivel b\u00e1sico es de aproximadamente 450 estudiantes, debido a que no todos los pap\u00e1s inscribieron a sus hijos.&nbsp;<\/p>\n\n\n\n<p>\u201cEn este primer d\u00eda regresa a clases presenciales entre el 28 y 30 por ciento de la matr\u00edcula. Es la intenci\u00f3n del gobierno federal y gobierno estatal (que vayan sum\u00e1ndose m\u00e1s estudiantes al retorno a las aulas)\u201d.<\/p>\n\n\n\n<p>La acad\u00e9mica indic\u00f3 que la mayor\u00eda de los padres de familia se pronunci\u00f3 en contra del regreso a clases presenciales por temor a contagios de SARS-COV-2 (COVID-19).<\/p>\n\n\n\n<p>Adem\u00e1s, asegur\u00f3 que se han aplicado las medidas sanitarias necesarias para garantizar la salud e integridad de la comunidad escolar, con base en las nieve intervenciones que recomiendan la Secretar\u00eda de Educaci\u00f3n P\u00fablica (SEP).<\/p>\n\n\n\n<p>En ese sentido, fueron instalados filtros sanitarios, se activaron comit\u00e9s de participaci\u00f3n de salud, se garantiz\u00f3 que las instalaciones del plantel cuenten con servicios b\u00e1sicos, tambi\u00e9n fue colocada se\u00f1al\u00e9tica y se respet\u00f3 la sana distancia en los salones de clases.<\/p>\n","protected":false},"excerpt":{"rendered":"<p>Juan Arcos Coatepec, Ver.- En algunas escuelas del municipio de Coatepec no regres\u00f3 a clases presenciales ni la mitad del total de los estudiantes este lunes 30 de agosto. As\u00ed fue el caso de la escuela primaria \u201cBenito Ju\u00e1rez Garc\u00eda\u201d, ubicada sobre la calle Melchor Ocampo esquina Miguel Lerdo, a un costado de Palacio Municipal.\u00a0 [&hellip;]<\/p>\n","protected":false},"author":1,"featured_media":17852,"comment_status":"open","ping_status":"open","sticky":false,"template":"","format":"standard","meta":{"_jetpack_memberships_contains_paid_content":false,"footnotes":""},"categories":[8],"tags":[],"class_list":["post-17851","post","type-post","status-publish","format-standard","has-post-thumbnail","hentry","category-region"],"jetpack_featured_media_url":"https:\/\/encuentroinformativo.com.mx\/wp-content\/uploads\/2021\/08\/98B1C4DC-9F0E-4469-84A5-7671430D4BFE.jpeg","jetpack_sharing_enabled":true,"jetpack_likes_enabled":true,"amp_enabled":true,"_links":{"self":[{"href":"https:\/\/encuentroinformativo.com.mx\/index.php?rest_route=\/wp\/v2\/posts\/17851","targetHints":{"allow":["GET"]}}],"collection":[{"href":"https:\/\/encuentroinformativo.com.mx\/index.php?rest_route=\/wp\/v2\/posts"}],"about":[{"href":"https:\/\/encuentroinformativo.com.mx\/index.php?rest_route=\/wp\/v2\/types\/post"}],"author":[{"embeddable":true,"href":"https:\/\/encuentroinformativo.com.mx\/index.php?rest_route=\/wp\/v2\/users\/1"}],"replies":[{"embeddable":true,"href":"https:\/\/encuentroinformativo.com.mx\/index.php?rest_route=%2Fwp%2Fv2%2Fcomments&post=17851"}],"version-history":[{"count":1,"href":"https:\/\/encuentroinformativo.com.mx\/index.php?rest_route=\/wp\/v2\/posts\/17851\/revisions"}],"predecessor-version":[{"id":17853,"href":"https:\/\/encuentroinformativo.com.mx\/index.php?rest_route=\/wp\/v2\/posts\/17851\/revisions\/17853"}],"wp:featuredmedia":[{"embeddable":true,"href":"https:\/\/encuentroinformativo.com.mx\/index.php?rest_route=\/wp\/v2\/media\/17852"}],"wp:attachment":[{"href":"https:\/\/encuentroinformativo.com.mx\/index.php?rest_route=%2Fwp%2Fv2%2Fmedia&parent=17851"}],"wp:term":[{"taxonomy":"category","embeddable":true,"href":"https:\/\/encuentroinformativo.com.mx\/index.php?rest_route=%2Fwp%2Fv2%2Fcategories&post=17851"},{"taxonomy":"post_tag","embeddable":true,"href":"https:\/\/encuentroinformativo.com.mx\/index.php?rest_route=%2Fwp%2Fv2%2Ftags&post=17851"}],"curies":[{"name":"wp","href":"https:\/\/api.w.org\/{rel}","templated":true}]}}