{"id":17854,"date":"2021-08-30T12:02:49","date_gmt":"2021-08-30T17:02:49","guid":{"rendered":"https:\/\/encuentroinformativo.com.mx\/?p=17854"},"modified":"2021-08-30T12:02:52","modified_gmt":"2021-08-30T17:02:52","slug":"mayoria-de-escuelas-lucen-vacias","status":"publish","type":"post","link":"https:\/\/encuentroinformativo.com.mx\/?p=17854","title":{"rendered":"Mayor\u00eda de escuelas lucen vac\u00edas"},"content":{"rendered":"\n<p><strong>Dar\u00edo Pale<\/strong><\/p>\n\n\n\n<p>Xalapa, Ver.- En este regreso a clases en las escuelas primarias del centro no se presentaron a clases los ni\u00f1os, incluso algunas estaban cerradas con candado, por lo que este d\u00eda no se escuchar\u00e1n los gritos dentro de las aulas y las chicharras para el recreo.<\/p>\n\n\n\n<p>Continuar\u00e1 el silencio ya habitual dentro de los edificios ya que no se presentaron los ni\u00f1os al regreso a clases \u201cpresenciales\u201d en el municipio de Xalapa.<\/p>\n\n\n\n<p>Cabe se\u00f1alar que \u00fanicamente en la secundaria T\u00e9cnica n\u00famero 3 y la General 5 fueron las \u00fanicas escuelas donde se presentaron a clases presenciales algunos alumnos, el resto de los planteles luci\u00f3 con muy poca presencia o desolado y con la negativa de los padres y madres de reincorporar a sus hijos las actividades escolares.<\/p>\n\n\n\n<p>En un recorrido realizado, se constat\u00f3 la asuencia de estudiantes en la escuela primaria \u201cManuel de Boza\u201d de Xalape\u00f1os Ilustres; Josefa Ortiz de Dom\u00ednguez, de Mata; la Francisco Xavier Clavijero de Zamora; el Colegio Preparatorio de Xalapa, de Juarez y Revoluci\u00f3n.<\/p>\n\n\n\n<p>Finalmente cabe se\u00f1alar que tanto directivos como docentes hicieron acto de presencia en la mayor\u00eda de estos planteles pero los padres de familia optaron por la opci\u00f3n virtual y a distancia, a pesar de las presiones de la Secretar\u00eda de Educaci\u00f3n de Veracruz.<\/p>\n","protected":false},"excerpt":{"rendered":"<p>Dar\u00edo Pale Xalapa, Ver.- En este regreso a clases en las escuelas primarias del centro no se presentaron a clases los ni\u00f1os, incluso algunas estaban cerradas con candado, por lo que este d\u00eda no se escuchar\u00e1n los gritos dentro de las aulas y las chicharras para el recreo. Continuar\u00e1 el silencio ya habitual dentro de [&hellip;]<\/p>\n","protected":false},"author":1,"featured_media":17855,"comment_status":"open","ping_status":"open","sticky":false,"template":"","format":"standard","meta":{"_jetpack_memberships_contains_paid_content":false,"footnotes":""},"categories":[3],"tags":[],"class_list":["post-17854","post","type-post","status-publish","format-standard","has-post-thumbnail","hentry","category-xalapa"],"jetpack_featured_media_url":"https:\/\/encuentroinformativo.com.mx\/wp-content\/uploads\/2021\/08\/24C0F2C4-A6E3-46E5-AC97-262C2EA1EB68.jpeg","jetpack_sharing_enabled":true,"jetpack_likes_enabled":true,"amp_enabled":true,"_links":{"self":[{"href":"https:\/\/encuentroinformativo.com.mx\/index.php?rest_route=\/wp\/v2\/posts\/17854","targetHints":{"allow":["GET"]}}],"collection":[{"href":"https:\/\/encuentroinformativo.com.mx\/index.php?rest_route=\/wp\/v2\/posts"}],"about":[{"href":"https:\/\/encuentroinformativo.com.mx\/index.php?rest_route=\/wp\/v2\/types\/post"}],"author":[{"embeddable":true,"href":"https:\/\/encuentroinformativo.com.mx\/index.php?rest_route=\/wp\/v2\/users\/1"}],"replies":[{"embeddable":true,"href":"https:\/\/encuentroinformativo.com.mx\/index.php?rest_route=%2Fwp%2Fv2%2Fcomments&post=17854"}],"version-history":[{"count":1,"href":"https:\/\/encuentroinformativo.com.mx\/index.php?rest_route=\/wp\/v2\/posts\/17854\/revisions"}],"predecessor-version":[{"id":17856,"href":"https:\/\/encuentroinformativo.com.mx\/index.php?rest_route=\/wp\/v2\/posts\/17854\/revisions\/17856"}],"wp:featuredmedia":[{"embeddable":true,"href":"https:\/\/encuentroinformativo.com.mx\/index.php?rest_route=\/wp\/v2\/media\/17855"}],"wp:attachment":[{"href":"https:\/\/encuentroinformativo.com.mx\/index.php?rest_route=%2Fwp%2Fv2%2Fmedia&parent=17854"}],"wp:term":[{"taxonomy":"category","embeddable":true,"href":"https:\/\/encuentroinformativo.com.mx\/index.php?rest_route=%2Fwp%2Fv2%2Fcategories&post=17854"},{"taxonomy":"post_tag","embeddable":true,"href":"https:\/\/encuentroinformativo.com.mx\/index.php?rest_route=%2Fwp%2Fv2%2Ftags&post=17854"}],"curies":[{"name":"wp","href":"https:\/\/api.w.org\/{rel}","templated":true}]}}