{"id":17858,"date":"2021-08-30T12:22:55","date_gmt":"2021-08-30T17:22:55","guid":{"rendered":"https:\/\/encuentroinformativo.com.mx\/?p=17858"},"modified":"2021-08-30T12:22:59","modified_gmt":"2021-08-30T17:22:59","slug":"no-se-detendran-actividades-escolares-sep","status":"publish","type":"post","link":"https:\/\/encuentroinformativo.com.mx\/?p=17858","title":{"rendered":"No se detendr\u00e1n actividades escolares: SEP"},"content":{"rendered":"\n<p><strong>Dar\u00edo Pale<\/strong><\/p>\n\n\n\n<p>Xalapa, Ver.- Como un d\u00eda memorable para toda la educaci\u00f3n en M\u00e9xico, despu\u00e9s de m\u00e1s de un a\u00f1o de haber cerrado las escuelas por la pandemia y que oblig\u00f3 a continuar el proceso educativo a distancia este 30 de agosto, as\u00ed lo calific\u00f3 la secretaria de Educaci\u00f3n P\u00fablica, Delfina G\u00f3mez \u00c1lvarez.<\/p>\n\n\n\n<p>Durante su discurso en el regreso a clases presenciales en la escuela secundaria T\u00e9cnica n\u00famero 3, manifest\u00f3 que el compromiso de los docentes, padres y autoridades permiti\u00f3 que no se detuvieran las actividades.<\/p>\n\n\n\n<p>&#8220;Hoy reconocemos la necesidad de un regreso presencial para dar continuidad a la educaci\u00f3n y a la recuperaci\u00f3n de aprendizajes&#8221;, coment\u00f3.<\/p>\n\n\n\n<p>De igual forma consider\u00f3 que de esta manera se fortalece el aspecto socio-afectivo y la salud mental de la comunidad escolar, lo que les anima este regreso porque contribuir\u00e1n a la disminuci\u00f3n de los efectos negativos del aislamiento, como el sedentarismo, la obesidad, la violencia y el estr\u00e9s, y no menos importante, el abandono escolar.<\/p>\n\n\n\n<p>Dio a conocer que el reto implica el compromiso y la participaci\u00f3n de la sociedad en su conjunto, por lo que convoc\u00f3 de manera responsable, con todas las medidas sanitarias que permitan un retorno seguro a las escuelas.<\/p>\n\n\n\n<p>La funcionaria reconoci\u00f3 el compromiso del gobierno estatal y a la Secretar\u00eda de Educaci\u00f3n, quienes se han mostrado sensibles a las necesidades de las escuelas, en las medidas de sus posibilidades.<\/p>\n\n\n\n<p>Por \u00faltimo agradeci\u00f3 al personal docente por su entusiasmo y responsabilidad social, a los padres de familia por apoyar la limpieza de los planteles.<\/p>\n","protected":false},"excerpt":{"rendered":"<p>Dar\u00edo Pale Xalapa, Ver.- Como un d\u00eda memorable para toda la educaci\u00f3n en M\u00e9xico, despu\u00e9s de m\u00e1s de un a\u00f1o de haber cerrado las escuelas por la pandemia y que oblig\u00f3 a continuar el proceso educativo a distancia este 30 de agosto, as\u00ed lo calific\u00f3 la secretaria de Educaci\u00f3n P\u00fablica, Delfina G\u00f3mez \u00c1lvarez. Durante su [&hellip;]<\/p>\n","protected":false},"author":1,"featured_media":17859,"comment_status":"open","ping_status":"open","sticky":false,"template":"","format":"standard","meta":{"_jetpack_memberships_contains_paid_content":false,"footnotes":""},"categories":[2],"tags":[],"class_list":["post-17858","post","type-post","status-publish","format-standard","has-post-thumbnail","hentry","category-estado"],"jetpack_featured_media_url":"https:\/\/encuentroinformativo.com.mx\/wp-content\/uploads\/2021\/08\/A8BBF2F8-C41F-4E82-8AD2-AAF65CE6377C.jpeg","jetpack_sharing_enabled":true,"jetpack_likes_enabled":true,"amp_enabled":true,"_links":{"self":[{"href":"https:\/\/encuentroinformativo.com.mx\/index.php?rest_route=\/wp\/v2\/posts\/17858","targetHints":{"allow":["GET"]}}],"collection":[{"href":"https:\/\/encuentroinformativo.com.mx\/index.php?rest_route=\/wp\/v2\/posts"}],"about":[{"href":"https:\/\/encuentroinformativo.com.mx\/index.php?rest_route=\/wp\/v2\/types\/post"}],"author":[{"embeddable":true,"href":"https:\/\/encuentroinformativo.com.mx\/index.php?rest_route=\/wp\/v2\/users\/1"}],"replies":[{"embeddable":true,"href":"https:\/\/encuentroinformativo.com.mx\/index.php?rest_route=%2Fwp%2Fv2%2Fcomments&post=17858"}],"version-history":[{"count":1,"href":"https:\/\/encuentroinformativo.com.mx\/index.php?rest_route=\/wp\/v2\/posts\/17858\/revisions"}],"predecessor-version":[{"id":17860,"href":"https:\/\/encuentroinformativo.com.mx\/index.php?rest_route=\/wp\/v2\/posts\/17858\/revisions\/17860"}],"wp:featuredmedia":[{"embeddable":true,"href":"https:\/\/encuentroinformativo.com.mx\/index.php?rest_route=\/wp\/v2\/media\/17859"}],"wp:attachment":[{"href":"https:\/\/encuentroinformativo.com.mx\/index.php?rest_route=%2Fwp%2Fv2%2Fmedia&parent=17858"}],"wp:term":[{"taxonomy":"category","embeddable":true,"href":"https:\/\/encuentroinformativo.com.mx\/index.php?rest_route=%2Fwp%2Fv2%2Fcategories&post=17858"},{"taxonomy":"post_tag","embeddable":true,"href":"https:\/\/encuentroinformativo.com.mx\/index.php?rest_route=%2Fwp%2Fv2%2Ftags&post=17858"}],"curies":[{"name":"wp","href":"https:\/\/api.w.org\/{rel}","templated":true}]}}