{"id":17861,"date":"2021-08-30T12:51:43","date_gmt":"2021-08-30T17:51:43","guid":{"rendered":"https:\/\/encuentroinformativo.com.mx\/?p=17861"},"modified":"2021-08-30T12:51:47","modified_gmt":"2021-08-30T17:51:47","slug":"repuntan-casos-de-desapariciones-en-xalapa","status":"publish","type":"post","link":"https:\/\/encuentroinformativo.com.mx\/?p=17861","title":{"rendered":"Repuntan casos de desapariciones en Xalapa"},"content":{"rendered":"\n<p><strong>Juan Arcos<\/strong><\/p>\n\n\n\n<p>Xalapa, Ver.- Familiares de desaparecidos alertaron a la poblaci\u00f3n por el incremento de estos casos en la regi\u00f3n capital del estado de Veracruz.<\/p>\n\n\n\n<p>Los integrantes del Colectivo Familiares Enlaces Xalapa protestaron frente a Palacio de Gobierno, durante el D\u00eda Internacional de las V\u00edctimas de Desapariciones Forzadas.<\/p>\n\n\n\n<p>Colocaron lonas, fotograf\u00edas y veladoras con la imagen de las personas no localizadas, para exigir al gobierno estatal y a la Fiscal\u00eda General del Estado (FGE), a cargo de Ver\u00f3nica Hern\u00e1ndez Giad\u00e1ns, su aparici\u00f3n con vida.<\/p>\n\n\n\n<p>De acuerdo con Victoria Delgadillo Romero, quien busca a su hija Yunery Citlally Hern\u00e1ndez Delgadillo desde noviembre de 2011, las desapariciones han repuntado en los municipios de Xalapa, Emiliano Zapata y Coatepec, durante los \u00faltimos meses.<\/p>\n\n\n\n<p>La entrevistada consider\u00f3 que las cifras oficiales de la Comisi\u00f3n Estatal de B\u00fasqueda sobre personas extraviadas no reflejan la realidad del problema en esta entidad.<\/p>\n\n\n\n<p>\u201cEs mayor por lo que hemos visto, es mayor en el estado de Veracruz. Ya otra vez est\u00e1 Coatepec, Tuzamapan, Emiliano Zapata, otra vez empiezan las desapariciones en estas zonas\u201d.<\/p>\n\n\n\n<p>La activista revel\u00f3 que las v\u00edctimas de este delito son principalmente j\u00f3venes, as\u00ed como tambi\u00e9n, personas de entre los 35 y 40 a\u00f1os de edad.<\/p>\n\n\n\n<p>Delgadillo Romero mencion\u00f3 que las investigaciones por parte de la Fiscal\u00eda de Veracruz no presentan avances y, por ello, los integrantes de colectivos de familiares de desaparecidos protestan cada 30 de agosto en Xalapa y otras regiones de la entidad.<\/p>\n\n\n\n<p>Tambi\u00e9n coment\u00f3 que la b\u00fasqueda de restos humanos en la zona de la Estancia Garnica est\u00e1 detenida y que este lunes fueron reanudados esos trabajos en el predio La Guapota, municipio de \u00darsulo Galv\u00e1n, donde se encuentra la fosa clandestina m\u00e1s grande del estado.<\/p>\n","protected":false},"excerpt":{"rendered":"<p>Juan Arcos Xalapa, Ver.- Familiares de desaparecidos alertaron a la poblaci\u00f3n por el incremento de estos casos en la regi\u00f3n capital del estado de Veracruz. Los integrantes del Colectivo Familiares Enlaces Xalapa protestaron frente a Palacio de Gobierno, durante el D\u00eda Internacional de las V\u00edctimas de Desapariciones Forzadas. Colocaron lonas, fotograf\u00edas y veladoras con la [&hellip;]<\/p>\n","protected":false},"author":1,"featured_media":17862,"comment_status":"open","ping_status":"open","sticky":false,"template":"","format":"standard","meta":{"_jetpack_memberships_contains_paid_content":false,"footnotes":""},"categories":[3],"tags":[],"class_list":["post-17861","post","type-post","status-publish","format-standard","has-post-thumbnail","hentry","category-xalapa"],"jetpack_featured_media_url":"https:\/\/encuentroinformativo.com.mx\/wp-content\/uploads\/2021\/08\/FEB28FDF-084A-41D1-A823-8E0F753E8EA0.jpeg","jetpack_sharing_enabled":true,"jetpack_likes_enabled":true,"amp_enabled":true,"_links":{"self":[{"href":"https:\/\/encuentroinformativo.com.mx\/index.php?rest_route=\/wp\/v2\/posts\/17861","targetHints":{"allow":["GET"]}}],"collection":[{"href":"https:\/\/encuentroinformativo.com.mx\/index.php?rest_route=\/wp\/v2\/posts"}],"about":[{"href":"https:\/\/encuentroinformativo.com.mx\/index.php?rest_route=\/wp\/v2\/types\/post"}],"author":[{"embeddable":true,"href":"https:\/\/encuentroinformativo.com.mx\/index.php?rest_route=\/wp\/v2\/users\/1"}],"replies":[{"embeddable":true,"href":"https:\/\/encuentroinformativo.com.mx\/index.php?rest_route=%2Fwp%2Fv2%2Fcomments&post=17861"}],"version-history":[{"count":1,"href":"https:\/\/encuentroinformativo.com.mx\/index.php?rest_route=\/wp\/v2\/posts\/17861\/revisions"}],"predecessor-version":[{"id":17863,"href":"https:\/\/encuentroinformativo.com.mx\/index.php?rest_route=\/wp\/v2\/posts\/17861\/revisions\/17863"}],"wp:featuredmedia":[{"embeddable":true,"href":"https:\/\/encuentroinformativo.com.mx\/index.php?rest_route=\/wp\/v2\/media\/17862"}],"wp:attachment":[{"href":"https:\/\/encuentroinformativo.com.mx\/index.php?rest_route=%2Fwp%2Fv2%2Fmedia&parent=17861"}],"wp:term":[{"taxonomy":"category","embeddable":true,"href":"https:\/\/encuentroinformativo.com.mx\/index.php?rest_route=%2Fwp%2Fv2%2Fcategories&post=17861"},{"taxonomy":"post_tag","embeddable":true,"href":"https:\/\/encuentroinformativo.com.mx\/index.php?rest_route=%2Fwp%2Fv2%2Ftags&post=17861"}],"curies":[{"name":"wp","href":"https:\/\/api.w.org\/{rel}","templated":true}]}}