{"id":17867,"date":"2021-08-30T13:06:38","date_gmt":"2021-08-30T18:06:38","guid":{"rendered":"https:\/\/encuentroinformativo.com.mx\/?p=17867"},"modified":"2021-08-30T13:06:42","modified_gmt":"2021-08-30T18:06:42","slug":"sin-avances-en-investigacion-de-jovenes-desaparecidos-en-palo-gacho","status":"publish","type":"post","link":"https:\/\/encuentroinformativo.com.mx\/?p=17867","title":{"rendered":"Sin avances en investigaci\u00f3n de j\u00f3venes desaparecidos en Palo Gacho"},"content":{"rendered":"\n<p><strong>Juan Arcos<\/strong><\/p>\n\n\n\n<p>Xalapa, Ver.- La investigaci\u00f3n por la desaparici\u00f3n forzada de cinco j\u00f3venes en el bar \u201cMichelukas\u201d de la localidad Palo Gacho, municipio de Emiliano Zapata, el 2 de julio de 2020, fue atra\u00edda por la Fiscal\u00eda General de la Rep\u00fablica (FGR) pero no hay avances para conocer su paradero.<\/p>\n\n\n\n<p>Hasta el momento, no hay rastro de Cedrick Abdiel Ram\u00edrez Aguilar, de 19 a\u00f1os; Iv\u00e1n Aurelio Aguilar Villa, de 26 a\u00f1os; Mario Figueroa Dom\u00ednguez, de 32 a\u00f1os; Iv\u00e1n de Jes\u00fas Sosa Lagunes, de 32 a\u00f1os; y Marco Javier Reyes, de 30 a\u00f1os.<\/p>\n\n\n\n<p>Matilde Villa Benavides, madre de Iv\u00e1n Aurelio, protest\u00f3 junto con otros familiares de desaparecidos en Plaza Sebasti\u00e1n Lerdo de Tejada, donde record\u00f3 que los j\u00f3venes fueron \u201clevantados\u201d a plena luz del d\u00eda, frente a muchas personas que se niegan a hablar por temor a represalias.<\/p>\n\n\n\n<p>\u201cEn el local donde estaban todos vieron, hab\u00eda c\u00e1maras, los due\u00f1os dijeron que las c\u00e1maras no serv\u00edan, todo fue muy raro, mucha gente sabe qui\u00e9n se lo llev\u00f3 pero no quieren decirlo\u201d.<\/p>\n\n\n\n<p>La entrevistada mencion\u00f3 que, el mes pasado, personal de la FGR tom\u00f3 nuevamente la declaraci\u00f3n de los familiares y realiz\u00f3 las pruebas de ADN, informaci\u00f3n que ya ten\u00eda la Fiscal\u00eda General del Estado de Veracruz (FGE), a cargo de Ver\u00f3nica Hern\u00e1ndez Giad\u00e1ns.<\/p>\n\n\n\n<p>Sin embargo, denunci\u00f3 que las autoridades estatales y federales no han llevado a cabo otras acciones para localizar a los cinco j\u00f3venes.<\/p>\n\n\n\n<p>\u201cLo \u00fanico que se ha hecho es eso: nos tomaron otra vez pruebas de ADN y otra vez declaraci\u00f3n, nada m\u00e1s. Eso fue el mes pasado, apenas, cuando cumplieron un a\u00f1o de hab\u00e9rselos llevado\u201d.<\/p>\n\n\n\n<p>Matilde Villa se\u00f1al\u00f3 que integrantes del Colectivo Familiares Enlaces Xalapa acompa\u00f1an su caso y han realizado b\u00fasquedas en predios y zonas donde podr\u00edan estar los j\u00f3venes.<\/p>\n\n\n\n<p>Adem\u00e1s, enfatiz\u00f3 que los familiares han aportado varias pruebas, pero no han sido tomadas en cuenta por las autoridades correspondientes.<\/p>\n\n\n\n<p>Cabe recordar que los padres de Cedrik Abdiel, el m\u00e1s joven, confirmaron que hubo una conversaci\u00f3n v\u00eda WhatsApp con una de las amistades de su hijo a quien le dijeron: \u201ctu amigo ya fue\u201d, acompa\u00f1ado de un \u00edcono de una calavera, en alusi\u00f3n a que hab\u00eda sido asesinado.<\/p>\n\n\n\n<p>Se sabe que los j\u00f3venes llegaron al lugar en el taxi Nissan-Tsuru, con n\u00famero XL-4533 de la regi\u00f3n Xalapa, mismo que fue encontrado desvalijado en la comunidad de Chichicaxtle, ocho d\u00edas despu\u00e9s del suceso.<\/p>\n\n\n\n<p>El 9 de septiembre de 2020, se inform\u00f3 sobre la detenci\u00f3n de tres integrantes del C\u00e1rtel Jalisco Nueva Generaci\u00f3n (CJNG) en ciudad Cardel, quienes presuntamente estuvieron ligados a la desaparici\u00f3n mencionada.<\/p>\n","protected":false},"excerpt":{"rendered":"<p>Juan Arcos Xalapa, Ver.- La investigaci\u00f3n por la desaparici\u00f3n forzada de cinco j\u00f3venes en el bar \u201cMichelukas\u201d de la localidad Palo Gacho, municipio de Emiliano Zapata, el 2 de julio de 2020, fue atra\u00edda por la Fiscal\u00eda General de la Rep\u00fablica (FGR) pero no hay avances para conocer su paradero. Hasta el momento, no hay [&hellip;]<\/p>\n","protected":false},"author":1,"featured_media":17868,"comment_status":"open","ping_status":"open","sticky":false,"template":"","format":"standard","meta":{"_jetpack_memberships_contains_paid_content":false,"footnotes":""},"categories":[8],"tags":[],"class_list":["post-17867","post","type-post","status-publish","format-standard","has-post-thumbnail","hentry","category-region"],"jetpack_featured_media_url":"https:\/\/encuentroinformativo.com.mx\/wp-content\/uploads\/2021\/08\/C3444DD5-92EE-486D-9AD9-EDAB82424E4C.jpeg","jetpack_sharing_enabled":true,"jetpack_likes_enabled":true,"amp_enabled":true,"_links":{"self":[{"href":"https:\/\/encuentroinformativo.com.mx\/index.php?rest_route=\/wp\/v2\/posts\/17867","targetHints":{"allow":["GET"]}}],"collection":[{"href":"https:\/\/encuentroinformativo.com.mx\/index.php?rest_route=\/wp\/v2\/posts"}],"about":[{"href":"https:\/\/encuentroinformativo.com.mx\/index.php?rest_route=\/wp\/v2\/types\/post"}],"author":[{"embeddable":true,"href":"https:\/\/encuentroinformativo.com.mx\/index.php?rest_route=\/wp\/v2\/users\/1"}],"replies":[{"embeddable":true,"href":"https:\/\/encuentroinformativo.com.mx\/index.php?rest_route=%2Fwp%2Fv2%2Fcomments&post=17867"}],"version-history":[{"count":1,"href":"https:\/\/encuentroinformativo.com.mx\/index.php?rest_route=\/wp\/v2\/posts\/17867\/revisions"}],"predecessor-version":[{"id":17869,"href":"https:\/\/encuentroinformativo.com.mx\/index.php?rest_route=\/wp\/v2\/posts\/17867\/revisions\/17869"}],"wp:featuredmedia":[{"embeddable":true,"href":"https:\/\/encuentroinformativo.com.mx\/index.php?rest_route=\/wp\/v2\/media\/17868"}],"wp:attachment":[{"href":"https:\/\/encuentroinformativo.com.mx\/index.php?rest_route=%2Fwp%2Fv2%2Fmedia&parent=17867"}],"wp:term":[{"taxonomy":"category","embeddable":true,"href":"https:\/\/encuentroinformativo.com.mx\/index.php?rest_route=%2Fwp%2Fv2%2Fcategories&post=17867"},{"taxonomy":"post_tag","embeddable":true,"href":"https:\/\/encuentroinformativo.com.mx\/index.php?rest_route=%2Fwp%2Fv2%2Ftags&post=17867"}],"curies":[{"name":"wp","href":"https:\/\/api.w.org\/{rel}","templated":true}]}}