{"id":17870,"date":"2021-08-30T13:10:46","date_gmt":"2021-08-30T18:10:46","guid":{"rendered":"https:\/\/encuentroinformativo.com.mx\/?p=17870"},"modified":"2021-08-30T13:10:48","modified_gmt":"2021-08-30T18:10:48","slug":"bloqueos-y-protestas-en-regreso-a-clases-en-veracruz-puerto","status":"publish","type":"post","link":"https:\/\/encuentroinformativo.com.mx\/?p=17870","title":{"rendered":"Bloqueos y protestas en regreso a clases en Veracruz puerto"},"content":{"rendered":"\n<p><strong>Alejandro \u00c1vila<\/strong><\/p>\n\n\n\n<p>Veracruz, Ver.- En el primer d\u00eda de regreso a clases presenciales en la zona conurbada Veracruz &#8211; Boca del R\u00edo, a pesar de la poca afluencia de ni\u00f1os a las aulas, el d\u00eda qued\u00f3 marcado por protestas de docentes y bloqueo de padres de familia.<\/p>\n\n\n\n<p>En la colonia El Vergel padres de familia de la escuela Art\u00edculo Tercero bloquearon el puente de la calle Flor de Rosinia debido a que el director no les permiti\u00f3 ingresar al plantel educativo, debido a la falta de condiciones de seguridad para los alumnos.<\/p>\n\n\n\n<p>Por su parte en la escuela secundaria federal #1 &#8220;Jos\u00e9 Azueta&#8221; ubicada en Paseo de las Flores en municipil de Boca del R\u00edo, docentes colocaron lonas y trabajaron bajo protesta, debido a la falta de mantenimiento del lugar, ya que aseguran si no se le da atenci\u00f3n pronta, algunas partes del edificio podr\u00edan colapsar.<\/p>\n\n\n\n<p>La delegada de la SEV en Veracruz, Diana Santiago Huesca, estuvo presente en la primaria &#8220;Jes\u00fas Reyes Heroles&#8221; en Boca del R\u00edo, donde asegur\u00f3 que el cien por ciento de docentes regres\u00f3 a sus centros de trabajo, donde este d\u00eda har\u00e1n un reporte de cuales escuelas s\u00ed completaron el regreso a clases presenciales y cuantos alumnos volvieron, para este martes dar un cifra certeza de la situaci\u00f3n.<\/p>\n\n\n\n<p>De la misma manera, asegur\u00f3 que poco a poco los padres de familia entender\u00e1n lo importante del regreso a clases presenciales, y&nbsp; los estudiantes ir\u00e1n acudiendo en mayor n\u00famero a los planteles educativos.<\/p>\n","protected":false},"excerpt":{"rendered":"<p>Alejandro \u00c1vila Veracruz, Ver.- En el primer d\u00eda de regreso a clases presenciales en la zona conurbada Veracruz &#8211; Boca del R\u00edo, a pesar de la poca afluencia de ni\u00f1os a las aulas, el d\u00eda qued\u00f3 marcado por protestas de docentes y bloqueo de padres de familia. En la colonia El Vergel padres de familia [&hellip;]<\/p>\n","protected":false},"author":1,"featured_media":17871,"comment_status":"open","ping_status":"open","sticky":false,"template":"","format":"standard","meta":{"_jetpack_memberships_contains_paid_content":false,"footnotes":""},"categories":[2],"tags":[],"class_list":["post-17870","post","type-post","status-publish","format-standard","has-post-thumbnail","hentry","category-estado"],"jetpack_featured_media_url":"https:\/\/encuentroinformativo.com.mx\/wp-content\/uploads\/2021\/08\/2856F70C-7125-4388-91C9-384F4CEE8431.jpeg","jetpack_sharing_enabled":true,"jetpack_likes_enabled":true,"amp_enabled":true,"_links":{"self":[{"href":"https:\/\/encuentroinformativo.com.mx\/index.php?rest_route=\/wp\/v2\/posts\/17870","targetHints":{"allow":["GET"]}}],"collection":[{"href":"https:\/\/encuentroinformativo.com.mx\/index.php?rest_route=\/wp\/v2\/posts"}],"about":[{"href":"https:\/\/encuentroinformativo.com.mx\/index.php?rest_route=\/wp\/v2\/types\/post"}],"author":[{"embeddable":true,"href":"https:\/\/encuentroinformativo.com.mx\/index.php?rest_route=\/wp\/v2\/users\/1"}],"replies":[{"embeddable":true,"href":"https:\/\/encuentroinformativo.com.mx\/index.php?rest_route=%2Fwp%2Fv2%2Fcomments&post=17870"}],"version-history":[{"count":1,"href":"https:\/\/encuentroinformativo.com.mx\/index.php?rest_route=\/wp\/v2\/posts\/17870\/revisions"}],"predecessor-version":[{"id":17872,"href":"https:\/\/encuentroinformativo.com.mx\/index.php?rest_route=\/wp\/v2\/posts\/17870\/revisions\/17872"}],"wp:featuredmedia":[{"embeddable":true,"href":"https:\/\/encuentroinformativo.com.mx\/index.php?rest_route=\/wp\/v2\/media\/17871"}],"wp:attachment":[{"href":"https:\/\/encuentroinformativo.com.mx\/index.php?rest_route=%2Fwp%2Fv2%2Fmedia&parent=17870"}],"wp:term":[{"taxonomy":"category","embeddable":true,"href":"https:\/\/encuentroinformativo.com.mx\/index.php?rest_route=%2Fwp%2Fv2%2Fcategories&post=17870"},{"taxonomy":"post_tag","embeddable":true,"href":"https:\/\/encuentroinformativo.com.mx\/index.php?rest_route=%2Fwp%2Fv2%2Ftags&post=17870"}],"curies":[{"name":"wp","href":"https:\/\/api.w.org\/{rel}","templated":true}]}}