{"id":17877,"date":"2021-08-30T13:24:52","date_gmt":"2021-08-30T18:24:52","guid":{"rendered":"https:\/\/encuentroinformativo.com.mx\/?p=17877"},"modified":"2021-08-30T13:24:56","modified_gmt":"2021-08-30T18:24:56","slug":"colectivos-realizan-marcha-por-calles-de-veracruz","status":"publish","type":"post","link":"https:\/\/encuentroinformativo.com.mx\/?p=17877","title":{"rendered":"Colectivos realizan marcha por calles de Veracruz"},"content":{"rendered":"\n<p><strong>Alejandro \u00c1vila<\/strong><\/p>\n\n\n\n<p>Veracruz, Ver.- Los colectivos &#8220;Dignidad y Justicia&#8221; y &#8220;Solecito&#8221; marcharon este lunes en diferentes horarios, para conmemorar el D\u00eda Internacional de las V\u00edctimas de Desaparici\u00f3n Forzada.<\/p>\n\n\n\n<p>La sede para agruparse e iniciar la marcha era la misma, el Tranv\u00eda del Recuerdo en la zona centro de la ciudad de Veracruz; aunque cada uno con una hora de diferencia arranc\u00f3 su caravana que pas\u00f3 por la calle Independencia, tom\u00f3 Mario Molina, hasta llegar a la Macro Plaza del malec\u00f3n, donde dieron un mensaje contundente.<\/p>\n\n\n\n<p>&#8220;No me voy a detener, seguir\u00e9 buscandote hasta encontrarte&#8221;, dijo Luc\u00eda Genao D\u00edaz, vocera de &#8220;Solecito&#8221;.<\/p>\n\n\n\n<p>Unos metros m\u00e1s adelante, justo bajo la estatua de Venustiano Carranza, el colectivo &#8220;Justicia y Dignidad&#8221; coloc\u00f3 sus lonas en la explanada y con gis escribio mensajes similares, &#8220;no te olvido, te voy a encontrar&#8221;, &#8220;mi lucha sigue porque mi amor es muy grande&#8221;.<\/p>\n\n\n\n<p>Finalmente, ambos colectivos coincidieron en que, desde el inicio de la pandemia, la Fiscal\u00eda General del Estado ha dado &#8220;carpetazo&#8221; a varios casos de b\u00fasqueda, por lo que llevan m\u00e1s de un a\u00f1o perdido y sin tener un avance en las investigaciones.<\/p>\n\n\n\n<figure class=\"wp-block-image size-large\"><img loading=\"lazy\" decoding=\"async\" width=\"750\" height=\"382\" src=\"https:\/\/encuentroinformativo.com.mx\/wp-content\/uploads\/2021\/08\/7B65062C-40AE-4EFF-B5CE-C3964B1ECA5F.jpeg\" alt=\"\" class=\"wp-image-17879\" srcset=\"https:\/\/encuentroinformativo.com.mx\/wp-content\/uploads\/2021\/08\/7B65062C-40AE-4EFF-B5CE-C3964B1ECA5F.jpeg 750w, https:\/\/encuentroinformativo.com.mx\/wp-content\/uploads\/2021\/08\/7B65062C-40AE-4EFF-B5CE-C3964B1ECA5F-300x153.jpeg 300w\" sizes=\"auto, (max-width: 750px) 100vw, 750px\" \/><\/figure>\n","protected":false},"excerpt":{"rendered":"<p>Alejandro \u00c1vila Veracruz, Ver.- Los colectivos &#8220;Dignidad y Justicia&#8221; y &#8220;Solecito&#8221; marcharon este lunes en diferentes horarios, para conmemorar el D\u00eda Internacional de las V\u00edctimas de Desaparici\u00f3n Forzada. La sede para agruparse e iniciar la marcha era la misma, el Tranv\u00eda del Recuerdo en la zona centro de la ciudad de Veracruz; aunque cada uno [&hellip;]<\/p>\n","protected":false},"author":1,"featured_media":17878,"comment_status":"open","ping_status":"open","sticky":false,"template":"","format":"standard","meta":{"_jetpack_memberships_contains_paid_content":false,"footnotes":""},"categories":[2],"tags":[],"class_list":["post-17877","post","type-post","status-publish","format-standard","has-post-thumbnail","hentry","category-estado"],"jetpack_featured_media_url":"https:\/\/encuentroinformativo.com.mx\/wp-content\/uploads\/2021\/08\/78423C3B-0C5A-4439-84F3-065D0C955CF4.jpeg","jetpack_sharing_enabled":true,"jetpack_likes_enabled":true,"amp_enabled":true,"_links":{"self":[{"href":"https:\/\/encuentroinformativo.com.mx\/index.php?rest_route=\/wp\/v2\/posts\/17877","targetHints":{"allow":["GET"]}}],"collection":[{"href":"https:\/\/encuentroinformativo.com.mx\/index.php?rest_route=\/wp\/v2\/posts"}],"about":[{"href":"https:\/\/encuentroinformativo.com.mx\/index.php?rest_route=\/wp\/v2\/types\/post"}],"author":[{"embeddable":true,"href":"https:\/\/encuentroinformativo.com.mx\/index.php?rest_route=\/wp\/v2\/users\/1"}],"replies":[{"embeddable":true,"href":"https:\/\/encuentroinformativo.com.mx\/index.php?rest_route=%2Fwp%2Fv2%2Fcomments&post=17877"}],"version-history":[{"count":1,"href":"https:\/\/encuentroinformativo.com.mx\/index.php?rest_route=\/wp\/v2\/posts\/17877\/revisions"}],"predecessor-version":[{"id":17880,"href":"https:\/\/encuentroinformativo.com.mx\/index.php?rest_route=\/wp\/v2\/posts\/17877\/revisions\/17880"}],"wp:featuredmedia":[{"embeddable":true,"href":"https:\/\/encuentroinformativo.com.mx\/index.php?rest_route=\/wp\/v2\/media\/17878"}],"wp:attachment":[{"href":"https:\/\/encuentroinformativo.com.mx\/index.php?rest_route=%2Fwp%2Fv2%2Fmedia&parent=17877"}],"wp:term":[{"taxonomy":"category","embeddable":true,"href":"https:\/\/encuentroinformativo.com.mx\/index.php?rest_route=%2Fwp%2Fv2%2Fcategories&post=17877"},{"taxonomy":"post_tag","embeddable":true,"href":"https:\/\/encuentroinformativo.com.mx\/index.php?rest_route=%2Fwp%2Fv2%2Ftags&post=17877"}],"curies":[{"name":"wp","href":"https:\/\/api.w.org\/{rel}","templated":true}]}}