{"id":17893,"date":"2021-08-30T15:12:24","date_gmt":"2021-08-30T20:12:24","guid":{"rendered":"https:\/\/encuentroinformativo.com.mx\/?p=17893"},"modified":"2021-08-30T15:12:27","modified_gmt":"2021-08-30T20:12:27","slug":"martin-aguilar-proximo-rector-de-la-uv","status":"publish","type":"post","link":"https:\/\/encuentroinformativo.com.mx\/?p=17893","title":{"rendered":"Mart\u00edn Aguilar pr\u00f3ximo rector de la UV"},"content":{"rendered":"\n<p><strong>Juan Arcos<\/strong> <\/p>\n\n\n\n<p>Xalapa, Ver.- El doctor en Ciencia Pol\u00edtica, Mart\u00edn Aguilar S\u00e1nchez, tomar\u00e1 protesta como nuevo rector de la Universidad Veracruzana (UV), el 1\u00ba de septiembre.<\/p>\n\n\n\n<p>La Junta de Gobierno design\u00f3 al acad\u00e9mico del Instituto de Investigaciones Hist\u00f3rico-Sociales (IIHS) para ocupar el cargo m\u00e1s importante de la m\u00e1xima casa de estudios del estado, para el per\u00edodo del 1\u00ba de septiembre al 31 de agosto del 2025.\u00a0<\/p>\n\n\n\n<p>En redes sociales circula un comunicado oficial donde se informa dicha situaci\u00f3n, junto con una fotograf\u00eda del catedr\u00e1tico, designado por unanimidad, quien suceder\u00e1 a Sara Ladr\u00f3n de Guevara.<\/p>\n\n\n\n<p>Lo anterior, de acuerdo con los art\u00edculos 4, fracci\u00f3n I; 8, fracci\u00f3n I y art\u00edculo 9 de la Ley de Autonom\u00eda (LA); art\u00edculos 36 y 37 de la Ley Org\u00e1nica (LO), y art\u00edculos 27, 28 y 32 del Reglamento Interno de la Junta de Gobierno (RIJG).<\/p>\n\n\n\n<p>Tambi\u00e9n se menciona que Aguilar S\u00e1nchez fue una de las 14 propuestas de aspirantes al cargo que fueron presentadas por miembros de la comunidad universitaria.<\/p>\n\n\n\n<p>Los tres acad\u00e9micos designados como candidatos: Mart\u00edn Aguilar, H\u00e9ctor Francisco Coronel Brizio y Jorge Manzo Denes dieron a conocer sus propuestas de manera p\u00fablica el pasado 24 de agosto.<\/p>\n\n\n\n<p>Aguilar S\u00e1nchez fue elegido tras demostrar la independencia de juicio y la capacidad de escuchar y dialogar con la comunidad.<\/p>\n\n\n\n<p>\u201cConfiamos en que su experiencia y competencia acad\u00e9mica y humana le facilitar\u00e1 la conducci\u00f3n, el di\u00e1logo, y la visi\u00f3n para unir a toda la Universidad con el fin de desarrollar y potenciar la excelencia acad\u00e9mica a nivel estatal, nacional e internacional\u201d, se lee en el comunicado.<\/p>\n\n\n\n<p>Cabe mencionar que la Junta de Gobierno est\u00e1 conformada por Genaro Aguirre Aguilar, Laura Ver\u00f3nica Herrera Franco, Jorge Mart\u00ednez Contreras, Leticia Mora Perdomo, Jos\u00e9 Luis Mor\u00e1n L\u00f3pez, Enrique Ram\u00edrez Nazariega, Alfredo S\u00e1nchez Casta\u00f1eda, Jos\u00e9 Antonio Seade Kuri y Alma Gloria Vallejo Casar\u00edn.<\/p>\n","protected":false},"excerpt":{"rendered":"<p>Juan Arcos Xalapa, Ver.- El doctor en Ciencia Pol\u00edtica, Mart\u00edn Aguilar S\u00e1nchez, tomar\u00e1 protesta como nuevo rector de la Universidad Veracruzana (UV), el 1\u00ba de septiembre. La Junta de Gobierno design\u00f3 al acad\u00e9mico del Instituto de Investigaciones Hist\u00f3rico-Sociales (IIHS) para ocupar el cargo m\u00e1s importante de la m\u00e1xima casa de estudios del estado, para el [&hellip;]<\/p>\n","protected":false},"author":1,"featured_media":17894,"comment_status":"open","ping_status":"open","sticky":false,"template":"","format":"standard","meta":{"_jetpack_memberships_contains_paid_content":false,"footnotes":""},"categories":[2],"tags":[],"class_list":["post-17893","post","type-post","status-publish","format-standard","has-post-thumbnail","hentry","category-estado"],"jetpack_featured_media_url":"https:\/\/encuentroinformativo.com.mx\/wp-content\/uploads\/2021\/08\/81AE7541-4158-4D9E-8D98-424521D0D3EB.jpeg","jetpack_sharing_enabled":true,"jetpack_likes_enabled":true,"amp_enabled":true,"_links":{"self":[{"href":"https:\/\/encuentroinformativo.com.mx\/index.php?rest_route=\/wp\/v2\/posts\/17893","targetHints":{"allow":["GET"]}}],"collection":[{"href":"https:\/\/encuentroinformativo.com.mx\/index.php?rest_route=\/wp\/v2\/posts"}],"about":[{"href":"https:\/\/encuentroinformativo.com.mx\/index.php?rest_route=\/wp\/v2\/types\/post"}],"author":[{"embeddable":true,"href":"https:\/\/encuentroinformativo.com.mx\/index.php?rest_route=\/wp\/v2\/users\/1"}],"replies":[{"embeddable":true,"href":"https:\/\/encuentroinformativo.com.mx\/index.php?rest_route=%2Fwp%2Fv2%2Fcomments&post=17893"}],"version-history":[{"count":1,"href":"https:\/\/encuentroinformativo.com.mx\/index.php?rest_route=\/wp\/v2\/posts\/17893\/revisions"}],"predecessor-version":[{"id":17895,"href":"https:\/\/encuentroinformativo.com.mx\/index.php?rest_route=\/wp\/v2\/posts\/17893\/revisions\/17895"}],"wp:featuredmedia":[{"embeddable":true,"href":"https:\/\/encuentroinformativo.com.mx\/index.php?rest_route=\/wp\/v2\/media\/17894"}],"wp:attachment":[{"href":"https:\/\/encuentroinformativo.com.mx\/index.php?rest_route=%2Fwp%2Fv2%2Fmedia&parent=17893"}],"wp:term":[{"taxonomy":"category","embeddable":true,"href":"https:\/\/encuentroinformativo.com.mx\/index.php?rest_route=%2Fwp%2Fv2%2Fcategories&post=17893"},{"taxonomy":"post_tag","embeddable":true,"href":"https:\/\/encuentroinformativo.com.mx\/index.php?rest_route=%2Fwp%2Fv2%2Ftags&post=17893"}],"curies":[{"name":"wp","href":"https:\/\/api.w.org\/{rel}","templated":true}]}}