{"id":17906,"date":"2021-08-30T16:54:48","date_gmt":"2021-08-30T21:54:48","guid":{"rendered":"https:\/\/encuentroinformativo.com.mx\/?p=17906"},"modified":"2021-08-30T16:54:52","modified_gmt":"2021-08-30T21:54:52","slug":"seis-alumnos-llegaron-a-escuela-de-xico","status":"publish","type":"post","link":"https:\/\/encuentroinformativo.com.mx\/?p=17906","title":{"rendered":"Seis alumnos llegaron a escuela de Xico"},"content":{"rendered":"\n<p><strong>Juan Arcos <\/strong><\/p>\n\n\n\n<p>Xico, Ver.- La escuela primaria \u201cMar\u00eda Enriqueta\u201d, municipio de Xico, inici\u00f3 el ciclo escolar 2021-2022 este lunes 30 de agosto con s\u00f3lo seis alumnos, de manera presencial.<\/p>\n\n\n\n<p>En dicho plantel, las madres y padres de familia se pronunciaron en contra del entorno a las aulas y prefirieron continuar en la modalidad virtual, ante la tercera ola de contagios de SARS-COV-2 (COVID-19).<\/p>\n\n\n\n<p>Los seis estudiantes son del cuarto grado y los dem\u00e1s eligieron continuar con sus clases a distancia, debido a que siguen en aumento los casos positivos de coronavirus.<\/p>\n\n\n\n<p>El plantel educativo se encuentra sobre la calle Ignacio Zaragoza, n\u00famero 78, en la colonia Centro del Pueblo M\u00e1gico, ubicado a 23 kil\u00f3metros de Xalapa.<\/p>\n\n\n\n<p>Al sitio acudi\u00f3 personal de la Supervisi\u00f3n Escolar para corroborar que fueran aplicadas las medidas sanitarias que han establecido autoridades educativas y de salud.<\/p>\n\n\n\n<p>Cabe mencionar que el municipio de Xico se encuentra en sem\u00e1foro epidemiol\u00f3gico color rojo, de riesgo m\u00e1ximo de contagio.<\/p>\n\n\n\n<p>Adem\u00e1s, el estado est\u00e1 en sem\u00e1foro naranja, de riesgo alto por coronavirus, con 102 mil 760 contagios acumulados, 11 mil 872 defunciones y 12 mil 693 sospechosos.<\/p>\n","protected":false},"excerpt":{"rendered":"<p>Juan Arcos Xico, Ver.- La escuela primaria \u201cMar\u00eda Enriqueta\u201d, municipio de Xico, inici\u00f3 el ciclo escolar 2021-2022 este lunes 30 de agosto con s\u00f3lo seis alumnos, de manera presencial. En dicho plantel, las madres y padres de familia se pronunciaron en contra del entorno a las aulas y prefirieron continuar en la modalidad virtual, ante [&hellip;]<\/p>\n","protected":false},"author":1,"featured_media":17907,"comment_status":"open","ping_status":"open","sticky":false,"template":"","format":"standard","meta":{"_jetpack_memberships_contains_paid_content":false,"footnotes":""},"categories":[8],"tags":[],"class_list":["post-17906","post","type-post","status-publish","format-standard","has-post-thumbnail","hentry","category-region"],"jetpack_featured_media_url":"https:\/\/encuentroinformativo.com.mx\/wp-content\/uploads\/2021\/08\/0E59FC1C-5026-4B4C-B1F0-C825C1A2014F.jpeg","jetpack_sharing_enabled":true,"jetpack_likes_enabled":true,"amp_enabled":true,"_links":{"self":[{"href":"https:\/\/encuentroinformativo.com.mx\/index.php?rest_route=\/wp\/v2\/posts\/17906","targetHints":{"allow":["GET"]}}],"collection":[{"href":"https:\/\/encuentroinformativo.com.mx\/index.php?rest_route=\/wp\/v2\/posts"}],"about":[{"href":"https:\/\/encuentroinformativo.com.mx\/index.php?rest_route=\/wp\/v2\/types\/post"}],"author":[{"embeddable":true,"href":"https:\/\/encuentroinformativo.com.mx\/index.php?rest_route=\/wp\/v2\/users\/1"}],"replies":[{"embeddable":true,"href":"https:\/\/encuentroinformativo.com.mx\/index.php?rest_route=%2Fwp%2Fv2%2Fcomments&post=17906"}],"version-history":[{"count":1,"href":"https:\/\/encuentroinformativo.com.mx\/index.php?rest_route=\/wp\/v2\/posts\/17906\/revisions"}],"predecessor-version":[{"id":17908,"href":"https:\/\/encuentroinformativo.com.mx\/index.php?rest_route=\/wp\/v2\/posts\/17906\/revisions\/17908"}],"wp:featuredmedia":[{"embeddable":true,"href":"https:\/\/encuentroinformativo.com.mx\/index.php?rest_route=\/wp\/v2\/media\/17907"}],"wp:attachment":[{"href":"https:\/\/encuentroinformativo.com.mx\/index.php?rest_route=%2Fwp%2Fv2%2Fmedia&parent=17906"}],"wp:term":[{"taxonomy":"category","embeddable":true,"href":"https:\/\/encuentroinformativo.com.mx\/index.php?rest_route=%2Fwp%2Fv2%2Fcategories&post=17906"},{"taxonomy":"post_tag","embeddable":true,"href":"https:\/\/encuentroinformativo.com.mx\/index.php?rest_route=%2Fwp%2Fv2%2Ftags&post=17906"}],"curies":[{"name":"wp","href":"https:\/\/api.w.org\/{rel}","templated":true}]}}