{"id":17916,"date":"2021-08-31T13:20:52","date_gmt":"2021-08-31T18:20:52","guid":{"rendered":"https:\/\/encuentroinformativo.com.mx\/?p=17916"},"modified":"2021-08-31T13:20:55","modified_gmt":"2021-08-31T18:20:55","slug":"la-leccion-javier-herrera","status":"publish","type":"post","link":"https:\/\/encuentroinformativo.com.mx\/?p=17916","title":{"rendered":"La lecci\u00f3n Javier Herrera"},"content":{"rendered":"\n<p><strong>Los Pol\u00edticos<\/strong><\/p>\n\n\n\n<p><strong>Salvador Mu\u00f1oz<\/strong><\/p>\n\n\n\n<p>Javier Herrera Borunda se qued\u00f3 en la orilla de volver a ser diputado federal por la misma v\u00eda en que lleg\u00f3 en la primera: la \u201cpluri\u201d.<\/p>\n\n\n\n<p>All\u00e1 por el 2015, el Congreso de la Uni\u00f3n tuvo lugar para que una camada de juniors llegara a ser representantes de sus partidos asent\u00e1ndose en algunas curules. Se precisa:&nbsp; el que escribe no pretende ser despectivo con el t\u00e9rmino Junior, pero deja al lector la libertad de tomarlo como mejor le plazca.<\/p>\n\n\n\n<p>As\u00ed, tuvimos en San L\u00e1zaro a Sylvana Beltrones, hija de Manlio Fabio. Por cierto, la joven es actualmente Senadora y s\u00ed, igual lleg\u00f3 por la misma v\u00eda que lo hizo a la C\u00e1mara Baja: Pluri.<\/p>\n\n\n\n<p>Del mismo modo, Pablo Gamboa, hijo de Emilio Gamboa\u2026 en el 2018 pidi\u00f3 licencia porque esperaba tener la misma suerte que Sylvana, pero los n\u00fameros no le dieron \u00a1y nos perdimos de un Senador junior!<\/p>\n\n\n\n<p>Y Javier Herrera Borunda, que a diferencia de los anteriores, \u00e9l lleg\u00f3 por la v\u00eda verde aunque con la misma bendici\u00f3n plurinominal.<\/p>\n\n\n\n<p>En el caso de Herrera Borunda, la decisi\u00f3n paritaria que lo deja fuera del Congreso, es posible que eche abajo un sinf\u00edn de proyectos pol\u00edticos encaminados a su futuro pol\u00edtico en Veracruz. \u00a1Vamos! \u00a1Qu\u00e9 hijo de pol\u00edtico que fue Gobernador no quisiera seguir los mismos pasos que su padre! Por supuesto que al llegar a una curul, adem\u00e1s del trabajo legislativo a realizar, se vendr\u00edan los beneficios que la posici\u00f3n consigo trae, entre ellos dos: reflectores (siempre y cuando sean bien manejados por su equipo de difusi\u00f3n) y recursos econ\u00f3micos.<\/p>\n\n\n\n<p>Si bien hay pol\u00edticos que gustan de brincar para abajo m\u00e1s que para arriba, hay que tomar en cuenta el colch\u00f3n donde han de caer, por ejemplo: Fernando Yunes M\u00e1rquez, quien de senador de la Rep\u00fablica brinc\u00f3 para abajo por la alcald\u00eda porte\u00f1a\u2026 \u00a1ojo! \u00a1No es cualquier alcald\u00eda! P\u00f3ngalo en el mismo tiempo cuando estaban los otros Yunes como senadores: Que Pepe hubiera dejado la senadur\u00eda para ir por la alcald\u00eda de Perote\u2026 o H\u00e9ctor, para ir por la de Soledad de Doblado\u2026<\/p>\n\n\n\n<p>En el caso de Javier, quiz\u00e1s su proyecto era saltar de una curul a un esca\u00f1o y ya si de ambiciones pol\u00edticas se trata, pues buscar la candidatura a la gubernatura para el 2024, pero la paridad le pari\u00f3 otro futuro dej\u00e1ndole una lecci\u00f3n para \u00e9l, y quiz\u00e1s otra para una probabilidad que tampoco hay que echar en saco roto:<\/p>\n\n\n\n<p>Para Javier, se le abre la oportunidad para ir labrando un camino si pretende mantener sus aspiraciones pol\u00edticas. Esa vereda es ir pensando en buscar una curul, sea federal o estatal, pero ahora ya ganada a pulso, con votos, en las urnas, comiendo tierra\u2026 hay que ver de qu\u00e9 est\u00e1 hecho\u2026<\/p>\n\n\n\n<p>La otra lecci\u00f3n va para Veracruz\u2026 si a Javier Herrera lo deja fuera un 250 mujeres y un 250 hombres, qu\u00e9 probabilidad hay de que en Veracruz, en aras de aplicar la misma que en San L\u00e1zaro, quieran ver 25 mujeres y 25 hombres sin compa\u00f1eres, sin No Binarios, sin siglas ni parecidos, nada m\u00e1s 25 Mujeres y 25 Hombres?<\/p>\n\n\n\n<p>Recuerden que se hablaba de 24 mujeres, 1 No Binario (o como gusten llamarlo) y 25 hombres y hubo reclamos porque Iv\u00e1n Chincoya hace 26 Hombres. Bueno, pues si se aplica el mismo criterio que en San L\u00e1zaro, donde le quitan un var\u00f3n al partido que incluy\u00f3 menos mujeres entre sus candidatos, hay que empezar a hacer n\u00fameros:<\/p>\n\n\n\n<p>En la alianza Veracruz Va, PAN llev\u00f3 8 mujeres; PRI, 5; PRD, 3. El Sol Azteca en su pluri, lleva a una mujer.<\/p>\n\n\n\n<p>En Juntos Haremos Historia, Morena llev\u00f3 a 12 damas; el Verde, dos y una individual; lo mismo que el PT, dos en alianza y una individual.<\/p>\n\n\n\n<p>Luego entonces, si acaso alguien respingara de que deben ir 25 mujeres y 25 hombres, la l\u00f3gica apunta a que tendr\u00edan que quitarle un var\u00f3n a los que menos mujeres llevaron, es decir: PT o Verde\u2026 por lo que pondr\u00edan en la tablita a Ram\u00f3n D\u00edaz y a Marcelo S\u00e1nchez\u2026 digo, si le toca al PVEM ser sacrificado, ya se tendr\u00eda que ir Marcelo y Javier Herrera a Catemaco a hacerse una limpia.<\/p>\n\n\n\n<p><a href=\"mailto:smcainito@gmail.com\" target=\"_blank\" rel=\"noreferrer noopener\">smcainito@gmail.com<\/a><\/p>\n","protected":false},"excerpt":{"rendered":"<p>Los Pol\u00edticos Salvador Mu\u00f1oz Javier Herrera Borunda se qued\u00f3 en la orilla de volver a ser diputado federal por la misma v\u00eda en que lleg\u00f3 en la primera: la \u201cpluri\u201d. All\u00e1 por el 2015, el Congreso de la Uni\u00f3n tuvo lugar para que una camada de juniors llegara a ser representantes de sus partidos asent\u00e1ndose [&hellip;]<\/p>\n","protected":false},"author":1,"featured_media":387,"comment_status":"open","ping_status":"open","sticky":false,"template":"","format":"standard","meta":{"_jetpack_memberships_contains_paid_content":false,"footnotes":""},"categories":[11],"tags":[],"class_list":["post-17916","post","type-post","status-publish","format-standard","has-post-thumbnail","hentry","category-opinion"],"jetpack_featured_media_url":"https:\/\/encuentroinformativo.com.mx\/wp-content\/uploads\/2020\/03\/7CF8A22B-2764-47BE-8F7F-38FE9E5D6A2F.jpeg","jetpack_sharing_enabled":true,"jetpack_likes_enabled":true,"amp_enabled":true,"_links":{"self":[{"href":"https:\/\/encuentroinformativo.com.mx\/index.php?rest_route=\/wp\/v2\/posts\/17916","targetHints":{"allow":["GET"]}}],"collection":[{"href":"https:\/\/encuentroinformativo.com.mx\/index.php?rest_route=\/wp\/v2\/posts"}],"about":[{"href":"https:\/\/encuentroinformativo.com.mx\/index.php?rest_route=\/wp\/v2\/types\/post"}],"author":[{"embeddable":true,"href":"https:\/\/encuentroinformativo.com.mx\/index.php?rest_route=\/wp\/v2\/users\/1"}],"replies":[{"embeddable":true,"href":"https:\/\/encuentroinformativo.com.mx\/index.php?rest_route=%2Fwp%2Fv2%2Fcomments&post=17916"}],"version-history":[{"count":1,"href":"https:\/\/encuentroinformativo.com.mx\/index.php?rest_route=\/wp\/v2\/posts\/17916\/revisions"}],"predecessor-version":[{"id":17917,"href":"https:\/\/encuentroinformativo.com.mx\/index.php?rest_route=\/wp\/v2\/posts\/17916\/revisions\/17917"}],"wp:featuredmedia":[{"embeddable":true,"href":"https:\/\/encuentroinformativo.com.mx\/index.php?rest_route=\/wp\/v2\/media\/387"}],"wp:attachment":[{"href":"https:\/\/encuentroinformativo.com.mx\/index.php?rest_route=%2Fwp%2Fv2%2Fmedia&parent=17916"}],"wp:term":[{"taxonomy":"category","embeddable":true,"href":"https:\/\/encuentroinformativo.com.mx\/index.php?rest_route=%2Fwp%2Fv2%2Fcategories&post=17916"},{"taxonomy":"post_tag","embeddable":true,"href":"https:\/\/encuentroinformativo.com.mx\/index.php?rest_route=%2Fwp%2Fv2%2Ftags&post=17916"}],"curies":[{"name":"wp","href":"https:\/\/api.w.org\/{rel}","templated":true}]}}