{"id":17918,"date":"2021-08-31T13:28:16","date_gmt":"2021-08-31T18:28:16","guid":{"rendered":"https:\/\/encuentroinformativo.com.mx\/?p=17918"},"modified":"2021-08-31T13:28:20","modified_gmt":"2021-08-31T18:28:20","slug":"accidente-paralizo-autopista-xalapa-cardel","status":"publish","type":"post","link":"https:\/\/encuentroinformativo.com.mx\/?p=17918","title":{"rendered":"Accidente paraliz\u00f3 autopista Xalapa-Cardel"},"content":{"rendered":"\n<p><strong>Juan Arcos<\/strong>\u00a0<\/p>\n\n\n\n<p>Xalapa, Ver.- Dos tractocamiones se accidentaron y se incendiaron sobre la carretera federal Xalapa-Veracruz, a la altura de la localidad Buena Vista, municipio de Emiliano Zapata.<\/p>\n\n\n\n<p>La Secretar\u00eda de Protecci\u00f3n Civil inform\u00f3 que este siniestro dej\u00f3 un saldo de una persona fallecida y otra lesionada, misma que fue trasladada para su valoraci\u00f3n y atenci\u00f3n hospitalaria.<\/p>\n\n\n\n<p>Los hechos ocurrieron antes de la medianoche del lunes 30 de agosto, obstruyendo la vialidad en su totalidad y quedando habilitado solo un carril con direcci\u00f3n a Xalapa apenas a las 8:35 horas de este martes.<\/p>\n\n\n\n<p>De acuerdo con autoridades municipales, la persona que muri\u00f3 era el conductor de una de las unidades, quien qued\u00f3 prensado entre los fierros de la cabina tras el impacto.<\/p>\n\n\n\n<p>Mientras que el otro chofer recibi\u00f3 atenci\u00f3n por parte de param\u00e9dicos de Protecci\u00f3n Civil de Emiliano Zapata y fue trasladado a un hospital de Xalapa.<\/p>\n\n\n\n<p>Bomberos de la capital del estado y La Antigua llevaron a cabo las maniobras para combatir el fuego, mismo que se observaba a varios metros de distancia; sin embargo, los trabajos se prolongaron hasta esta ma\u00f1ana.<\/p>\n\n\n\n<p>El accidente ocurri\u00f3 entre la caseta de Plan del R\u00edo y la localidad Rinconada, donde quedaron varados cientos de autom\u00f3viles desde anoche.<\/p>\n\n\n\n<p>Elementos de Guardia Nacional, Secretar\u00eda de Seguridad P\u00fablica (SSP) y Polic\u00eda Municipal acordonaron el sitio para esperar la presencia del personal de la Fiscal\u00eda General del Estado (FGE).<\/p>\n\n\n\n<p>Posteriormente, los peritos criminalistas trasladaron el cuerpo de la persona fallecida al Servicio M\u00e9dico Forense (Semefo).<\/p>\n\n\n\n<figure class=\"wp-block-image size-large\"><img loading=\"lazy\" decoding=\"async\" width=\"1024\" height=\"768\" src=\"https:\/\/encuentroinformativo.com.mx\/wp-content\/uploads\/2021\/08\/34D32A67-9658-4082-B73F-1C938F692DB8.jpeg\" alt=\"\" class=\"wp-image-17920\" srcset=\"https:\/\/encuentroinformativo.com.mx\/wp-content\/uploads\/2021\/08\/34D32A67-9658-4082-B73F-1C938F692DB8.jpeg 1024w, https:\/\/encuentroinformativo.com.mx\/wp-content\/uploads\/2021\/08\/34D32A67-9658-4082-B73F-1C938F692DB8-300x225.jpeg 300w, https:\/\/encuentroinformativo.com.mx\/wp-content\/uploads\/2021\/08\/34D32A67-9658-4082-B73F-1C938F692DB8-768x576.jpeg 768w\" sizes=\"auto, (max-width: 1024px) 100vw, 1024px\" \/><\/figure>\n","protected":false},"excerpt":{"rendered":"<p>Juan Arcos\u00a0 Xalapa, Ver.- Dos tractocamiones se accidentaron y se incendiaron sobre la carretera federal Xalapa-Veracruz, a la altura de la localidad Buena Vista, municipio de Emiliano Zapata. La Secretar\u00eda de Protecci\u00f3n Civil inform\u00f3 que este siniestro dej\u00f3 un saldo de una persona fallecida y otra lesionada, misma que fue trasladada para su valoraci\u00f3n y [&hellip;]<\/p>\n","protected":false},"author":1,"featured_media":17919,"comment_status":"open","ping_status":"open","sticky":false,"template":"","format":"standard","meta":{"_jetpack_memberships_contains_paid_content":false,"footnotes":""},"categories":[8],"tags":[],"class_list":["post-17918","post","type-post","status-publish","format-standard","has-post-thumbnail","hentry","category-region"],"jetpack_featured_media_url":"https:\/\/encuentroinformativo.com.mx\/wp-content\/uploads\/2021\/08\/3B250BCA-4FF5-43A2-95E5-EF2716F4B46A.jpeg","jetpack_sharing_enabled":true,"jetpack_likes_enabled":true,"amp_enabled":true,"_links":{"self":[{"href":"https:\/\/encuentroinformativo.com.mx\/index.php?rest_route=\/wp\/v2\/posts\/17918","targetHints":{"allow":["GET"]}}],"collection":[{"href":"https:\/\/encuentroinformativo.com.mx\/index.php?rest_route=\/wp\/v2\/posts"}],"about":[{"href":"https:\/\/encuentroinformativo.com.mx\/index.php?rest_route=\/wp\/v2\/types\/post"}],"author":[{"embeddable":true,"href":"https:\/\/encuentroinformativo.com.mx\/index.php?rest_route=\/wp\/v2\/users\/1"}],"replies":[{"embeddable":true,"href":"https:\/\/encuentroinformativo.com.mx\/index.php?rest_route=%2Fwp%2Fv2%2Fcomments&post=17918"}],"version-history":[{"count":1,"href":"https:\/\/encuentroinformativo.com.mx\/index.php?rest_route=\/wp\/v2\/posts\/17918\/revisions"}],"predecessor-version":[{"id":17921,"href":"https:\/\/encuentroinformativo.com.mx\/index.php?rest_route=\/wp\/v2\/posts\/17918\/revisions\/17921"}],"wp:featuredmedia":[{"embeddable":true,"href":"https:\/\/encuentroinformativo.com.mx\/index.php?rest_route=\/wp\/v2\/media\/17919"}],"wp:attachment":[{"href":"https:\/\/encuentroinformativo.com.mx\/index.php?rest_route=%2Fwp%2Fv2%2Fmedia&parent=17918"}],"wp:term":[{"taxonomy":"category","embeddable":true,"href":"https:\/\/encuentroinformativo.com.mx\/index.php?rest_route=%2Fwp%2Fv2%2Fcategories&post=17918"},{"taxonomy":"post_tag","embeddable":true,"href":"https:\/\/encuentroinformativo.com.mx\/index.php?rest_route=%2Fwp%2Fv2%2Ftags&post=17918"}],"curies":[{"name":"wp","href":"https:\/\/api.w.org\/{rel}","templated":true}]}}