{"id":17922,"date":"2021-08-31T13:42:40","date_gmt":"2021-08-31T18:42:40","guid":{"rendered":"https:\/\/encuentroinformativo.com.mx\/?p=17922"},"modified":"2021-08-31T13:42:44","modified_gmt":"2021-08-31T18:42:44","slug":"se-registra-volcadura-sobre-la-veracruz-cardel","status":"publish","type":"post","link":"https:\/\/encuentroinformativo.com.mx\/?p=17922","title":{"rendered":"Se registra volcadura sobre la Veracruz &#8211; Cardel"},"content":{"rendered":"\n<p><strong>Redacci\u00f3n<\/strong><\/p>\n\n\n\n<p>Xalapa, Ver.- Se registra cierre de circulaci\u00f3n por volcadura sobre la autopista Veracruz -Cardel, a la altura del km 225. <\/p>\n\n\n\n<p>En la zona de la caseta de peaje de La Antigua con direcci\u00f3n a Xalapa, el tr\u00e1fico vial se ha visto interrumpido debido a las maniobras del percance.<\/p>\n\n\n\n<p>Cabe recordar que apenas est\u00e1 ma\u00f1ana se reanud\u00f3 la circulaci\u00f3n sobre el tramo de la autopista Xalapa &#8211; Cardel debido al choque de trailers cerca de la medianoche. <\/p>\n\n\n\n<p><strong>Fotos: <\/strong>Redes Sociales SSP<br><\/p>\n\n\n\n<figure class=\"wp-block-image size-large\"><img loading=\"lazy\" decoding=\"async\" width=\"1024\" height=\"682\" src=\"https:\/\/encuentroinformativo.com.mx\/wp-content\/uploads\/2021\/08\/158E297C-A42C-45F6-A609-C594E00574D4-1024x682.jpeg\" alt=\"\" class=\"wp-image-17924\" srcset=\"https:\/\/encuentroinformativo.com.mx\/wp-content\/uploads\/2021\/08\/158E297C-A42C-45F6-A609-C594E00574D4-1024x682.jpeg 1024w, https:\/\/encuentroinformativo.com.mx\/wp-content\/uploads\/2021\/08\/158E297C-A42C-45F6-A609-C594E00574D4-300x200.jpeg 300w, https:\/\/encuentroinformativo.com.mx\/wp-content\/uploads\/2021\/08\/158E297C-A42C-45F6-A609-C594E00574D4-768x512.jpeg 768w, https:\/\/encuentroinformativo.com.mx\/wp-content\/uploads\/2021\/08\/158E297C-A42C-45F6-A609-C594E00574D4-1536x1023.jpeg 1536w, https:\/\/encuentroinformativo.com.mx\/wp-content\/uploads\/2021\/08\/158E297C-A42C-45F6-A609-C594E00574D4.jpeg 1600w\" sizes=\"auto, (max-width: 1024px) 100vw, 1024px\" \/><\/figure>\n\n\n\n<figure class=\"wp-block-image size-large\"><img loading=\"lazy\" decoding=\"async\" width=\"1024\" height=\"682\" src=\"https:\/\/encuentroinformativo.com.mx\/wp-content\/uploads\/2021\/08\/9851C084-5DD0-4D6B-9813-BD6BEAB151C6-1024x682.jpeg\" alt=\"\" class=\"wp-image-17925\" srcset=\"https:\/\/encuentroinformativo.com.mx\/wp-content\/uploads\/2021\/08\/9851C084-5DD0-4D6B-9813-BD6BEAB151C6-1024x682.jpeg 1024w, https:\/\/encuentroinformativo.com.mx\/wp-content\/uploads\/2021\/08\/9851C084-5DD0-4D6B-9813-BD6BEAB151C6-300x200.jpeg 300w, https:\/\/encuentroinformativo.com.mx\/wp-content\/uploads\/2021\/08\/9851C084-5DD0-4D6B-9813-BD6BEAB151C6-768x512.jpeg 768w, https:\/\/encuentroinformativo.com.mx\/wp-content\/uploads\/2021\/08\/9851C084-5DD0-4D6B-9813-BD6BEAB151C6-1536x1023.jpeg 1536w, https:\/\/encuentroinformativo.com.mx\/wp-content\/uploads\/2021\/08\/9851C084-5DD0-4D6B-9813-BD6BEAB151C6.jpeg 1600w\" sizes=\"auto, (max-width: 1024px) 100vw, 1024px\" \/><\/figure>\n","protected":false},"excerpt":{"rendered":"<p>Redacci\u00f3n Xalapa, Ver.- Se registra cierre de circulaci\u00f3n por volcadura sobre la autopista Veracruz -Cardel, a la altura del km 225. En la zona de la caseta de peaje de La Antigua con direcci\u00f3n a Xalapa, el tr\u00e1fico vial se ha visto interrumpido debido a las maniobras del percance. Cabe recordar que apenas est\u00e1 ma\u00f1ana [&hellip;]<\/p>\n","protected":false},"author":1,"featured_media":17923,"comment_status":"open","ping_status":"open","sticky":false,"template":"","format":"standard","meta":{"_jetpack_memberships_contains_paid_content":false,"footnotes":""},"categories":[2],"tags":[],"class_list":["post-17922","post","type-post","status-publish","format-standard","has-post-thumbnail","hentry","category-estado"],"jetpack_featured_media_url":"https:\/\/encuentroinformativo.com.mx\/wp-content\/uploads\/2021\/08\/600A641D-0BB4-43C2-8432-CA91CBE212B1.jpeg","jetpack_sharing_enabled":true,"jetpack_likes_enabled":true,"amp_enabled":true,"_links":{"self":[{"href":"https:\/\/encuentroinformativo.com.mx\/index.php?rest_route=\/wp\/v2\/posts\/17922","targetHints":{"allow":["GET"]}}],"collection":[{"href":"https:\/\/encuentroinformativo.com.mx\/index.php?rest_route=\/wp\/v2\/posts"}],"about":[{"href":"https:\/\/encuentroinformativo.com.mx\/index.php?rest_route=\/wp\/v2\/types\/post"}],"author":[{"embeddable":true,"href":"https:\/\/encuentroinformativo.com.mx\/index.php?rest_route=\/wp\/v2\/users\/1"}],"replies":[{"embeddable":true,"href":"https:\/\/encuentroinformativo.com.mx\/index.php?rest_route=%2Fwp%2Fv2%2Fcomments&post=17922"}],"version-history":[{"count":1,"href":"https:\/\/encuentroinformativo.com.mx\/index.php?rest_route=\/wp\/v2\/posts\/17922\/revisions"}],"predecessor-version":[{"id":17926,"href":"https:\/\/encuentroinformativo.com.mx\/index.php?rest_route=\/wp\/v2\/posts\/17922\/revisions\/17926"}],"wp:featuredmedia":[{"embeddable":true,"href":"https:\/\/encuentroinformativo.com.mx\/index.php?rest_route=\/wp\/v2\/media\/17923"}],"wp:attachment":[{"href":"https:\/\/encuentroinformativo.com.mx\/index.php?rest_route=%2Fwp%2Fv2%2Fmedia&parent=17922"}],"wp:term":[{"taxonomy":"category","embeddable":true,"href":"https:\/\/encuentroinformativo.com.mx\/index.php?rest_route=%2Fwp%2Fv2%2Fcategories&post=17922"},{"taxonomy":"post_tag","embeddable":true,"href":"https:\/\/encuentroinformativo.com.mx\/index.php?rest_route=%2Fwp%2Fv2%2Ftags&post=17922"}],"curies":[{"name":"wp","href":"https:\/\/api.w.org\/{rel}","templated":true}]}}