{"id":17927,"date":"2021-08-31T15:47:35","date_gmt":"2021-08-31T20:47:35","guid":{"rendered":"https:\/\/encuentroinformativo.com.mx\/?p=17927"},"modified":"2021-08-31T15:47:39","modified_gmt":"2021-08-31T20:47:39","slug":"demanda-pt-investigar-homicidios-de-militantes","status":"publish","type":"post","link":"https:\/\/encuentroinformativo.com.mx\/?p=17927","title":{"rendered":"Demanda PT investigar homicidios de militantes"},"content":{"rendered":"\n<p><strong>Dar\u00edo Pale <\/strong><\/p>\n\n\n\n<p>Xalapa, Ver.- Hacen un llamado a la Fiscal\u00eda General del Estado (FGE), para que se investigue a fondo el crimen del coordinador municipal del Partido del Trabajo (PT), en C\u00f3rdoba, Grodetz R\u00edos Andrade, as\u00ed lo se\u00f1al\u00f3 el coordinador de dicho partido Vicente Aguilar Aguilar.<\/p>\n\n\n\n<p>En conferencia de prensa realizada en conocido caf\u00e9 de la calle de Zaragoza, solicit\u00f3 que tambi\u00e9n se investigue el crimen de Jos\u00e9 Escamilla, regidor tercero electo de Morena.<\/p>\n\n\n\n<p>&#8220;Nosotros tambi\u00e9n nos preguntamos qu\u00e9 est\u00e1 pasando. Hemos solicitado la conexi\u00f3n y coordinaci\u00f3n entre los tres niveles de gobierno, de seguridad, pero siguen asesinatos selectivos, no es que se vea tanto la delincuencia, pero s\u00ed vemos asesinatos que llaman la atenci\u00f3n de la sociedad, sobre todo cuando es de partidos pol\u00edticos o de periodistas&#8221;, acus\u00f3.<\/p>\n\n\n\n<p>En cuanto a la incidencia delictiva, el l\u00edder partidista, opin\u00f3 que efectivamente han ido a la baja los del fuero com\u00fan, pero llaman m\u00e1s la atenci\u00f3n cuando se trata de cr\u00edmenes contra pol\u00edticos o comunicadores, por lo que consider\u00f3 que si los delitos del fuero com\u00fan van a la baja no quiere decir que las autoridades dejen de hacer su trabajo.<\/p>\n\n\n\n<p>Manifest\u00f3 que si a la Fiscal\u00eda no le alcanzan los recursos para hacer su trabajo debe solicitar una ampliaci\u00f3n de su presupuesto para hacer bien su trabajo, para capacitar bien a los elementos ministeriales.<\/p>\n\n\n\n<p>Aguilar Aguilar dijo no saber si el crimen del coordinador del Partido en C\u00f3rdoba sea un crimen pol\u00edtico, por eso es que la Fiscal\u00eda debe hacer bien su trabajo.<\/p>\n\n\n\n<p>Finalmente solicit\u00f3, &#8220;que d\u00e9 luz qu\u00e9 es lo que sucedi\u00f3 ah\u00ed, porque est\u00e1 raro que hayan sido dos personajes de la alianza Juntos haremos historia&#8221;.<\/p>\n","protected":false},"excerpt":{"rendered":"<p>Dar\u00edo Pale Xalapa, Ver.- Hacen un llamado a la Fiscal\u00eda General del Estado (FGE), para que se investigue a fondo el crimen del coordinador municipal del Partido del Trabajo (PT), en C\u00f3rdoba, Grodetz R\u00edos Andrade, as\u00ed lo se\u00f1al\u00f3 el coordinador de dicho partido Vicente Aguilar Aguilar. En conferencia de prensa realizada en conocido caf\u00e9 de [&hellip;]<\/p>\n","protected":false},"author":1,"featured_media":17928,"comment_status":"open","ping_status":"open","sticky":false,"template":"","format":"standard","meta":{"_jetpack_memberships_contains_paid_content":false,"footnotes":""},"categories":[2],"tags":[],"class_list":["post-17927","post","type-post","status-publish","format-standard","has-post-thumbnail","hentry","category-estado"],"jetpack_featured_media_url":"https:\/\/encuentroinformativo.com.mx\/wp-content\/uploads\/2021\/08\/8DE535AE-5E4B-4B4C-94DA-3ED9454E223C.jpeg","jetpack_sharing_enabled":true,"jetpack_likes_enabled":true,"amp_enabled":true,"_links":{"self":[{"href":"https:\/\/encuentroinformativo.com.mx\/index.php?rest_route=\/wp\/v2\/posts\/17927","targetHints":{"allow":["GET"]}}],"collection":[{"href":"https:\/\/encuentroinformativo.com.mx\/index.php?rest_route=\/wp\/v2\/posts"}],"about":[{"href":"https:\/\/encuentroinformativo.com.mx\/index.php?rest_route=\/wp\/v2\/types\/post"}],"author":[{"embeddable":true,"href":"https:\/\/encuentroinformativo.com.mx\/index.php?rest_route=\/wp\/v2\/users\/1"}],"replies":[{"embeddable":true,"href":"https:\/\/encuentroinformativo.com.mx\/index.php?rest_route=%2Fwp%2Fv2%2Fcomments&post=17927"}],"version-history":[{"count":1,"href":"https:\/\/encuentroinformativo.com.mx\/index.php?rest_route=\/wp\/v2\/posts\/17927\/revisions"}],"predecessor-version":[{"id":17929,"href":"https:\/\/encuentroinformativo.com.mx\/index.php?rest_route=\/wp\/v2\/posts\/17927\/revisions\/17929"}],"wp:featuredmedia":[{"embeddable":true,"href":"https:\/\/encuentroinformativo.com.mx\/index.php?rest_route=\/wp\/v2\/media\/17928"}],"wp:attachment":[{"href":"https:\/\/encuentroinformativo.com.mx\/index.php?rest_route=%2Fwp%2Fv2%2Fmedia&parent=17927"}],"wp:term":[{"taxonomy":"category","embeddable":true,"href":"https:\/\/encuentroinformativo.com.mx\/index.php?rest_route=%2Fwp%2Fv2%2Fcategories&post=17927"},{"taxonomy":"post_tag","embeddable":true,"href":"https:\/\/encuentroinformativo.com.mx\/index.php?rest_route=%2Fwp%2Fv2%2Ftags&post=17927"}],"curies":[{"name":"wp","href":"https:\/\/api.w.org\/{rel}","templated":true}]}}