{"id":17934,"date":"2021-08-31T16:39:52","date_gmt":"2021-08-31T21:39:52","guid":{"rendered":"https:\/\/encuentroinformativo.com.mx\/?p=17934"},"modified":"2021-08-31T16:39:56","modified_gmt":"2021-08-31T21:39:56","slug":"tecnologicos-resultaron-afectados-por-grace","status":"publish","type":"post","link":"https:\/\/encuentroinformativo.com.mx\/?p=17934","title":{"rendered":"Tecnol\u00f3gicos resultaron afectados por Grace"},"content":{"rendered":"\n<p><strong>Dar\u00edo Pale<\/strong><\/p>\n\n\n\n<p>Xalapa, Ver.- Debido al impacto del hurac\u00e1n Grace, se afectaron algunos telebachilleratos, as\u00ed como el Tecnol\u00f3gico de Poza Rica, la Universidad Tecnol\u00f3gica de Guti\u00e9rrez Zamora, entre otros, as\u00ed lo inform\u00f3 el subsecretario de Educaci\u00f3n Media Superior y Superior, Jorge Miguel Uscanga.<\/p>\n\n\n\n<p>En entrevista se\u00f1al\u00f3 que las instrucciones son que se les brinde todo el apoyo para que puedan regresar, en las condiciones correctas, por lo que est\u00e1n trabajando arduamente para que los directivos y autoridades de la Secretar\u00eda de Educaci\u00f3n, les den todos los apoyos necesarios a esas instituciones.<\/p>\n\n\n\n<p>&#8220;La indicaci\u00f3n es tener esa sensibilidad para que esto se vaya resolviendo y ellos puedan regresar al sistema educativo&#8230; s\u00ed hay de todo tipo, se han reportado a la Federaci\u00f3n en algunos casos, domos completamente retirados de su lugar&#8221;, se\u00f1al\u00f3.<\/p>\n\n\n\n<p>Dio a conocer que en el caso de un telebachillerato se est\u00e1 adecuando para que el pr\u00f3ximo 6 de septiembre, que es cuando ellos ingresan a clases, puedan estar en condiciones de reincorporarse a las clases presenciales, s\u00f3lo se quedar\u00e1 pendiente el domo.<\/p>\n\n\n\n<p>En otro orden de ideas el subsecretario record\u00f3 que el Programa Estatal de Oferta Educativa ha permitido que quienes por alguna raz\u00f3n interrumpieron sus estudios o no pudieron inscribirse de un nivel a otro, puedan registrarse en la plataforma o llamadas telef\u00f3nicas.<\/p>\n\n\n\n<p>Asimismo, inform\u00f3 que hay m\u00f3dulos dispuestos a atender la demanda a trav\u00e9s de una iniciativa denominada &#8220;A ras de piso&#8221; y la plataforma es Programa Estatal de Oferta Educativa.<\/p>\n\n\n\n<p>Asimismo, indic\u00f3 que existe un centro de atenci\u00f3n telef\u00f3nico en el n\u00famero \u202a2289800540\u202c en donde se les apoyar\u00e1 para encontrar la oferta educativa que m\u00e1s les convenga.<\/p>\n\n\n\n<p>Finalmente en ese sentido, dio a conocer que se logr\u00f3 extender hasta el pr\u00f3ximo 30 de septiembre para que aquel veracruzano que desee continuar sus estudios, busque las diversas alternativas que m\u00e1s le convenga.<\/p>\n","protected":false},"excerpt":{"rendered":"<p>Dar\u00edo Pale Xalapa, Ver.- Debido al impacto del hurac\u00e1n Grace, se afectaron algunos telebachilleratos, as\u00ed como el Tecnol\u00f3gico de Poza Rica, la Universidad Tecnol\u00f3gica de Guti\u00e9rrez Zamora, entre otros, as\u00ed lo inform\u00f3 el subsecretario de Educaci\u00f3n Media Superior y Superior, Jorge Miguel Uscanga. En entrevista se\u00f1al\u00f3 que las instrucciones son que se les brinde todo [&hellip;]<\/p>\n","protected":false},"author":1,"featured_media":17935,"comment_status":"open","ping_status":"open","sticky":false,"template":"","format":"standard","meta":{"_jetpack_memberships_contains_paid_content":false,"footnotes":""},"categories":[2],"tags":[],"class_list":["post-17934","post","type-post","status-publish","format-standard","has-post-thumbnail","hentry","category-estado"],"jetpack_featured_media_url":"https:\/\/encuentroinformativo.com.mx\/wp-content\/uploads\/2021\/08\/7EBCE7B0-987C-4AF3-A37A-61739F45ECF4.jpeg","jetpack_sharing_enabled":true,"jetpack_likes_enabled":true,"amp_enabled":true,"_links":{"self":[{"href":"https:\/\/encuentroinformativo.com.mx\/index.php?rest_route=\/wp\/v2\/posts\/17934","targetHints":{"allow":["GET"]}}],"collection":[{"href":"https:\/\/encuentroinformativo.com.mx\/index.php?rest_route=\/wp\/v2\/posts"}],"about":[{"href":"https:\/\/encuentroinformativo.com.mx\/index.php?rest_route=\/wp\/v2\/types\/post"}],"author":[{"embeddable":true,"href":"https:\/\/encuentroinformativo.com.mx\/index.php?rest_route=\/wp\/v2\/users\/1"}],"replies":[{"embeddable":true,"href":"https:\/\/encuentroinformativo.com.mx\/index.php?rest_route=%2Fwp%2Fv2%2Fcomments&post=17934"}],"version-history":[{"count":1,"href":"https:\/\/encuentroinformativo.com.mx\/index.php?rest_route=\/wp\/v2\/posts\/17934\/revisions"}],"predecessor-version":[{"id":17936,"href":"https:\/\/encuentroinformativo.com.mx\/index.php?rest_route=\/wp\/v2\/posts\/17934\/revisions\/17936"}],"wp:featuredmedia":[{"embeddable":true,"href":"https:\/\/encuentroinformativo.com.mx\/index.php?rest_route=\/wp\/v2\/media\/17935"}],"wp:attachment":[{"href":"https:\/\/encuentroinformativo.com.mx\/index.php?rest_route=%2Fwp%2Fv2%2Fmedia&parent=17934"}],"wp:term":[{"taxonomy":"category","embeddable":true,"href":"https:\/\/encuentroinformativo.com.mx\/index.php?rest_route=%2Fwp%2Fv2%2Fcategories&post=17934"},{"taxonomy":"post_tag","embeddable":true,"href":"https:\/\/encuentroinformativo.com.mx\/index.php?rest_route=%2Fwp%2Fv2%2Ftags&post=17934"}],"curies":[{"name":"wp","href":"https:\/\/api.w.org\/{rel}","templated":true}]}}