{"id":17937,"date":"2021-08-31T17:30:48","date_gmt":"2021-08-31T22:30:48","guid":{"rendered":"https:\/\/encuentroinformativo.com.mx\/?p=17937"},"modified":"2021-08-31T17:30:52","modified_gmt":"2021-08-31T22:30:52","slug":"proteccion-civil-de-alvarado-recoge-cadaver-en-la-trocha","status":"publish","type":"post","link":"https:\/\/encuentroinformativo.com.mx\/?p=17937","title":{"rendered":"Protecci\u00f3n Civil de Alvarado recoge cad\u00e1ver en La Trocha"},"content":{"rendered":"\n<p><strong>Alejandro \u00c1vila<\/strong><\/p>\n\n\n\n<p>Alvarado, Ver. \u2013 Elementos de Protecci\u00f3n Civil de Alvarado a cargo de Gustavo Ch\u00e1vez Cruz, fueron alertados de un cuerpo que flotaba en las playas de La Trocha, cerca de la cabecera municipal de Alvarado, por lo dispusieron un equipo para averiguar la situaci\u00f3n.<\/p>\n\n\n\n<p>Pasado el medio d\u00eda de este martes 31 de agosto, el cuerpo con se\u00f1ales de tortura fue retirado de la orilla del mar por elementos de Protecci\u00f3n Civil Municipal.<\/p>\n\n\n\n<p>El sujeto, a\u00fan sin identificar, es un masculino de poco m\u00e1s de 30 a\u00f1os aproximadamente, el cual presenta signos de tortura y tiro de gracia.<\/p>\n\n\n\n<p>Al lugar tambi\u00e9n llegaron polic\u00edas de la Secretar\u00eda de Seguridad P\u00fablica quienes acordonaron la zona y colaboraron la Polic\u00eda Ministerial para iniciar con las investigaciones del cad\u00e1ver que flotaba en las playas del municipio de Alvarado.<\/p>\n\n\n\n<p>Los primeros reportes presumen que el cuerpo baj\u00f3 con la palizada y pantano que est\u00e1 desembocando en la laguna de Alvarado; aunque se desconoce el lugar exacto donde pudo haber sido tirado, pues en ese afluyente descargan tres r\u00edos, el Lim\u00f3n, Papaloapan y Blanco.<\/p>\n","protected":false},"excerpt":{"rendered":"<p>Alejandro \u00c1vila Alvarado, Ver. \u2013 Elementos de Protecci\u00f3n Civil de Alvarado a cargo de Gustavo Ch\u00e1vez Cruz, fueron alertados de un cuerpo que flotaba en las playas de La Trocha, cerca de la cabecera municipal de Alvarado, por lo dispusieron un equipo para averiguar la situaci\u00f3n. Pasado el medio d\u00eda de este martes 31 de [&hellip;]<\/p>\n","protected":false},"author":1,"featured_media":17938,"comment_status":"open","ping_status":"open","sticky":false,"template":"","format":"standard","meta":{"_jetpack_memberships_contains_paid_content":false,"footnotes":""},"categories":[14],"tags":[],"class_list":["post-17937","post","type-post","status-publish","format-standard","has-post-thumbnail","hentry","category-policiaca"],"jetpack_featured_media_url":"https:\/\/encuentroinformativo.com.mx\/wp-content\/uploads\/2021\/08\/7AF0299D-1345-43F6-A5B0-24F9EC3AEDB5.jpeg","jetpack_sharing_enabled":true,"jetpack_likes_enabled":true,"amp_enabled":true,"_links":{"self":[{"href":"https:\/\/encuentroinformativo.com.mx\/index.php?rest_route=\/wp\/v2\/posts\/17937","targetHints":{"allow":["GET"]}}],"collection":[{"href":"https:\/\/encuentroinformativo.com.mx\/index.php?rest_route=\/wp\/v2\/posts"}],"about":[{"href":"https:\/\/encuentroinformativo.com.mx\/index.php?rest_route=\/wp\/v2\/types\/post"}],"author":[{"embeddable":true,"href":"https:\/\/encuentroinformativo.com.mx\/index.php?rest_route=\/wp\/v2\/users\/1"}],"replies":[{"embeddable":true,"href":"https:\/\/encuentroinformativo.com.mx\/index.php?rest_route=%2Fwp%2Fv2%2Fcomments&post=17937"}],"version-history":[{"count":1,"href":"https:\/\/encuentroinformativo.com.mx\/index.php?rest_route=\/wp\/v2\/posts\/17937\/revisions"}],"predecessor-version":[{"id":17939,"href":"https:\/\/encuentroinformativo.com.mx\/index.php?rest_route=\/wp\/v2\/posts\/17937\/revisions\/17939"}],"wp:featuredmedia":[{"embeddable":true,"href":"https:\/\/encuentroinformativo.com.mx\/index.php?rest_route=\/wp\/v2\/media\/17938"}],"wp:attachment":[{"href":"https:\/\/encuentroinformativo.com.mx\/index.php?rest_route=%2Fwp%2Fv2%2Fmedia&parent=17937"}],"wp:term":[{"taxonomy":"category","embeddable":true,"href":"https:\/\/encuentroinformativo.com.mx\/index.php?rest_route=%2Fwp%2Fv2%2Fcategories&post=17937"},{"taxonomy":"post_tag","embeddable":true,"href":"https:\/\/encuentroinformativo.com.mx\/index.php?rest_route=%2Fwp%2Fv2%2Ftags&post=17937"}],"curies":[{"name":"wp","href":"https:\/\/api.w.org\/{rel}","templated":true}]}}