{"id":17943,"date":"2021-08-31T17:50:41","date_gmt":"2021-08-31T22:50:41","guid":{"rendered":"https:\/\/encuentroinformativo.com.mx\/?p=17943"},"modified":"2021-08-31T17:50:45","modified_gmt":"2021-08-31T22:50:45","slug":"veracruz-participara-en-rally-del-golfo-al-pacifico-2021","status":"publish","type":"post","link":"https:\/\/encuentroinformativo.com.mx\/?p=17943","title":{"rendered":"Veracruz participar\u00e1 en \u201cRally del Golfo al Pac\u00edfico 2021\u201d"},"content":{"rendered":"\n<p><strong>Alejandro \u00c1vila<\/strong><\/p>\n\n\n\n<p>Boca del R\u00edo, Ver. \u2013 La ciudad de Boca del R\u00edo ser\u00e1 el punto de arranque del \u201cRally del Golfo al Pac\u00edfico 2021\u201d, mismo que pasar\u00e1 por dos ciudades m\u00e1s de la entidad veracruzana, donde se espera reactive la econom\u00eda de la zona, inform\u00f3 la Secretar\u00eda de Turismo de Veracruz.<\/p>\n\n\n\n<p>Autos cl\u00e1sicos desfilar\u00e1n por Boca del R\u00edo el pr\u00f3ximo 9 de septiembre por la ma\u00f1ana, donde visitar\u00e1n tambi\u00e9n Nogales y Ciudad Mendoza, para pernoctar en Puebla y finalmente llegar a Acapulco como final del trayecto.<\/p>\n\n\n\n<p>\u201cLos participantes que arrancaron desde Veracruz, autom\u00e1ticamente est\u00e1n participando en el Rally Acapulco, entonces el participante del Rally del Golfo puede ganar el Rally del Golfo y el de Acapulco y los que arranquen en la ciudad de Acapulco solo aspiran a ganar el Rally de Acapulco, pero tienen de contrincantes a todos los que vienen de Veracruz\u201d, destac\u00f3 el director general del encuentro, Francisco Name Sierra.<\/p>\n\n\n\n<p>El total de participantes es de 45 pilotos, aunque el n\u00famero podr\u00eda aumentar, debido a que se puntualiz\u00f3 que las inscripciones est\u00e1n abiertas en la p\u00e1gina de Internet,\u00a0www.rallydelgolfoalpacifico.com.mx.<\/p>\n\n\n\n<p>Finalmente se dijo que en esta edici\u00f3n no habr\u00e1 participaci\u00f3n de pilotos extranjeros, pues en algunos pa\u00edses se les exige a quienes regresen a sus hogares que realicen cuarentena.<\/p>\n","protected":false},"excerpt":{"rendered":"<p>Alejandro \u00c1vila Boca del R\u00edo, Ver. \u2013 La ciudad de Boca del R\u00edo ser\u00e1 el punto de arranque del \u201cRally del Golfo al Pac\u00edfico 2021\u201d, mismo que pasar\u00e1 por dos ciudades m\u00e1s de la entidad veracruzana, donde se espera reactive la econom\u00eda de la zona, inform\u00f3 la Secretar\u00eda de Turismo de Veracruz. Autos cl\u00e1sicos desfilar\u00e1n [&hellip;]<\/p>\n","protected":false},"author":1,"featured_media":17944,"comment_status":"open","ping_status":"open","sticky":false,"template":"","format":"standard","meta":{"_jetpack_memberships_contains_paid_content":false,"footnotes":""},"categories":[2],"tags":[],"class_list":["post-17943","post","type-post","status-publish","format-standard","has-post-thumbnail","hentry","category-estado"],"jetpack_featured_media_url":"https:\/\/encuentroinformativo.com.mx\/wp-content\/uploads\/2021\/08\/8167BDC7-2925-417A-8CD2-D63D45F06AB5.jpeg","jetpack_sharing_enabled":true,"jetpack_likes_enabled":true,"amp_enabled":true,"_links":{"self":[{"href":"https:\/\/encuentroinformativo.com.mx\/index.php?rest_route=\/wp\/v2\/posts\/17943","targetHints":{"allow":["GET"]}}],"collection":[{"href":"https:\/\/encuentroinformativo.com.mx\/index.php?rest_route=\/wp\/v2\/posts"}],"about":[{"href":"https:\/\/encuentroinformativo.com.mx\/index.php?rest_route=\/wp\/v2\/types\/post"}],"author":[{"embeddable":true,"href":"https:\/\/encuentroinformativo.com.mx\/index.php?rest_route=\/wp\/v2\/users\/1"}],"replies":[{"embeddable":true,"href":"https:\/\/encuentroinformativo.com.mx\/index.php?rest_route=%2Fwp%2Fv2%2Fcomments&post=17943"}],"version-history":[{"count":1,"href":"https:\/\/encuentroinformativo.com.mx\/index.php?rest_route=\/wp\/v2\/posts\/17943\/revisions"}],"predecessor-version":[{"id":17945,"href":"https:\/\/encuentroinformativo.com.mx\/index.php?rest_route=\/wp\/v2\/posts\/17943\/revisions\/17945"}],"wp:featuredmedia":[{"embeddable":true,"href":"https:\/\/encuentroinformativo.com.mx\/index.php?rest_route=\/wp\/v2\/media\/17944"}],"wp:attachment":[{"href":"https:\/\/encuentroinformativo.com.mx\/index.php?rest_route=%2Fwp%2Fv2%2Fmedia&parent=17943"}],"wp:term":[{"taxonomy":"category","embeddable":true,"href":"https:\/\/encuentroinformativo.com.mx\/index.php?rest_route=%2Fwp%2Fv2%2Fcategories&post=17943"},{"taxonomy":"post_tag","embeddable":true,"href":"https:\/\/encuentroinformativo.com.mx\/index.php?rest_route=%2Fwp%2Fv2%2Ftags&post=17943"}],"curies":[{"name":"wp","href":"https:\/\/api.w.org\/{rel}","templated":true}]}}