{"id":1795,"date":"2020-04-12T15:14:01","date_gmt":"2020-04-12T20:14:01","guid":{"rendered":"https:\/\/encuentroinformativo.com\/?p=1795"},"modified":"2020-04-12T15:14:03","modified_gmt":"2020-04-12T20:14:03","slug":"disminuyen-incendios-forestales-en-comparacion-al-ano-pasado-segun-pc","status":"publish","type":"post","link":"https:\/\/encuentroinformativo.com.mx\/?p=1795","title":{"rendered":"Disminuyen incendios forestales en comparaci\u00f3n al a\u00f1o pasado, seg\u00fan PC"},"content":{"rendered":"\n<p><strong>Juan Arcos <\/strong><\/p>\n\n\n\n<p>Xalapa, Ver.- La titular de la Secretar\u00eda de Protecci\u00f3n Civil, Guadalupe Osorno Maldonado, revel\u00f3 que los incendios forestales han disminuido en comparaci\u00f3n con el a\u00f1o pasado.<\/p>\n\n\n\n<p>Sin embargo, indic\u00f3 que se han reportado afectaciones por estos siniestros en 68 municipios de la entidad veracruzana.<\/p>\n\n\n\n<p>Se trata de incendios en bosques y pastizales de Xalapa, Perote, Emiliano Zapata, Maltrata y Perote, solo por mencionar algunos lugares.<\/p>\n\n\n\n<p>La dependencia estatal ha realizado un monitoreo constante para apoyar a las cuadrillas contraincendios de la Comisi\u00f3n Nacional Forestal (Conafor).<\/p>\n\n\n\n<p>La funcionaria detall\u00f3 que este a\u00f1o fueron consumidas mil hect\u00e1reas menos, en comparaci\u00f3n con el a\u00f1o anterior.<\/p>\n\n\n\n<p>Record\u00f3 que uno de los incendios considerados graves ocurri\u00f3 a mediados de marzo en el parque nacional Pico de Orizaba, donde murieron dos personas que intentaban mitigar el fuego.<\/p>\n\n\n\n<p>Durante 2019, los lugares m\u00e1s afectados por estos incendios fueron Las Vigas de Ram\u00edrez, Perote, Misantla, Alto Lucero, Zongolica y la sierra de Huayacocotla.<\/p>\n\n\n\n<p>Cabe recordar que el a\u00f1o pasado se registraron 133 incendios que consumieron 4 mil hect\u00e1reas de bosques y pastizales.<\/p>\n\n\n\n<p><\/p>\n","protected":false},"excerpt":{"rendered":"<p>Juan Arcos Xalapa, Ver.- La titular de la Secretar\u00eda de Protecci\u00f3n Civil, Guadalupe Osorno Maldonado, revel\u00f3 que los incendios forestales han disminuido en comparaci\u00f3n con el a\u00f1o pasado. Sin embargo, indic\u00f3 que se han reportado afectaciones por estos siniestros en 68 municipios de la entidad veracruzana. Se trata de incendios en bosques y pastizales de [&hellip;]<\/p>\n","protected":false},"author":1,"featured_media":75,"comment_status":"open","ping_status":"open","sticky":false,"template":"","format":"standard","meta":{"_jetpack_memberships_contains_paid_content":false,"footnotes":""},"categories":[2],"tags":[],"class_list":["post-1795","post","type-post","status-publish","format-standard","has-post-thumbnail","hentry","category-estado"],"jetpack_featured_media_url":"https:\/\/encuentroinformativo.com.mx\/wp-content\/uploads\/2020\/02\/incendios.jpg","jetpack_sharing_enabled":true,"jetpack_likes_enabled":true,"amp_enabled":true,"_links":{"self":[{"href":"https:\/\/encuentroinformativo.com.mx\/index.php?rest_route=\/wp\/v2\/posts\/1795","targetHints":{"allow":["GET"]}}],"collection":[{"href":"https:\/\/encuentroinformativo.com.mx\/index.php?rest_route=\/wp\/v2\/posts"}],"about":[{"href":"https:\/\/encuentroinformativo.com.mx\/index.php?rest_route=\/wp\/v2\/types\/post"}],"author":[{"embeddable":true,"href":"https:\/\/encuentroinformativo.com.mx\/index.php?rest_route=\/wp\/v2\/users\/1"}],"replies":[{"embeddable":true,"href":"https:\/\/encuentroinformativo.com.mx\/index.php?rest_route=%2Fwp%2Fv2%2Fcomments&post=1795"}],"version-history":[{"count":1,"href":"https:\/\/encuentroinformativo.com.mx\/index.php?rest_route=\/wp\/v2\/posts\/1795\/revisions"}],"predecessor-version":[{"id":1796,"href":"https:\/\/encuentroinformativo.com.mx\/index.php?rest_route=\/wp\/v2\/posts\/1795\/revisions\/1796"}],"wp:featuredmedia":[{"embeddable":true,"href":"https:\/\/encuentroinformativo.com.mx\/index.php?rest_route=\/wp\/v2\/media\/75"}],"wp:attachment":[{"href":"https:\/\/encuentroinformativo.com.mx\/index.php?rest_route=%2Fwp%2Fv2%2Fmedia&parent=1795"}],"wp:term":[{"taxonomy":"category","embeddable":true,"href":"https:\/\/encuentroinformativo.com.mx\/index.php?rest_route=%2Fwp%2Fv2%2Fcategories&post=1795"},{"taxonomy":"post_tag","embeddable":true,"href":"https:\/\/encuentroinformativo.com.mx\/index.php?rest_route=%2Fwp%2Fv2%2Ftags&post=1795"}],"curies":[{"name":"wp","href":"https:\/\/api.w.org\/{rel}","templated":true}]}}