{"id":17958,"date":"2021-09-01T07:38:31","date_gmt":"2021-09-01T12:38:31","guid":{"rendered":"https:\/\/encuentroinformativo.com.mx\/?p=17958"},"modified":"2021-09-01T04:41:45","modified_gmt":"2021-09-01T09:41:45","slug":"se-fue-scherer-y-aca-en-la-aldea-nomas-se-rien","status":"publish","type":"post","link":"https:\/\/encuentroinformativo.com.mx\/?p=17958","title":{"rendered":"SE FUE SCHERER&#8230; Y AC\u00c1 EN LA ALDEA NOM\u00c1S SE R\u00cdEN"},"content":{"rendered":"\n<p><strong>@pablojair<br><br>+ El rector no va a mandar cartita como \u201cLokelio\u201d.<br>+ A mediados o finales de septiembre, elecci\u00f3n de Veracruz.<br>+ Guardias en Los Berros y cambio de mando en el Batall\u00f3n.<br><br><em>Que los problemas de seguridad en C\u00f3rdoba est\u00e1n f\u00e1ciles de resolver:<br>s\u00f3lo tienen que detener al \u201cdealer\u201d de la \u201calta suciedad\u201d y con eso&#8230;<br>\u2014Chopenjawer<\/em><\/strong><\/p>\n\n\n\n<p>Considerado como uno de los hombres m\u00e1s cercanos y poderosos de la Presidencia de la Rep\u00fablica,&nbsp;<a href=\"outlook-data-detector:\/\/0\">este martes<\/a>&nbsp;se dio a conocer la renuncia de Julio Scherer Ibarra, consejero jur\u00eddico del presidente Andr\u00e9s Manuel L\u00f3pez Obrador.<\/p>\n\n\n\n<p>Versiones all\u00e1 en ese valle de la CDMX, indican que el \u201churac\u00e1n\u201d Olga arras\u00f3 antes de su salida y su principal damnificado fue precisamente Scherer. Eran conocidas sus diferencias.<\/p>\n\n\n\n<p>Y es que el hijo del ilustre periodista fundador de la revista Proceso \u2014dicen all\u00e1 desde el Altiplano\u2014 habr\u00eda salido en un &#8220;cambalache&#8221; que se ocasion\u00f3 con la salida de la titular de la exsecretaria de Gobernaci\u00f3n, Olga S\u00e1nchez Cordero, quien habr\u00eda dejado quejas en papeles sobre la actuaci\u00f3n de Scherer antes de partir hacia su esca\u00f1o en el Senado.<\/p>\n\n\n\n<p>De Scherer Ibarra se han escrito cosas que contrastan con la leyenda que fue su padre como, quiz\u00e1s, de los mejores periodistas mexicanos en el siglo pasado. Una de esas historias era su pleito y diferencias con la exsecretaria de Gobernaci\u00f3n.<\/p>\n\n\n\n<p>Una persona cercana a un reportero de Proceso (que ya tiene rato que sali\u00f3 de la revista) nos narr\u00f3 una historia hace unos a\u00f1os de c\u00f3mo el mismo Scherer le hab\u00eda pedido que investigara un tema sobre corrupci\u00f3n en aduanas. La sorpresa para el reportero encargado de la investigaci\u00f3n es que comenz\u00f3 a surgir el nombre de su hijo Scherer Ibarra. Cuando se lo report\u00f3 a Don Julio, \u00e9ste simplemente archiv\u00f3 el texto.<\/p>\n\n\n\n<p>Se comenta tambi\u00e9n en los c\u00edrculos pol\u00edticos que Scherer Ibarra era uno de los principales cr\u00edticos del Gobierno de Veracruz y era uno de los que \u201cgrillaba\u201d para que se hicieran cambios desde muy altos niveles, pidiendo la cabeza del secretario de Gobierno para recomendar la llegada del conocido pol\u00edtico Enrique Ampudia.<\/p>\n\n\n\n<p>Lo que quiz\u00e1s Scherer no calculaba es que estaba \u201cgrillando\u201d al gobierno estatal del cual se siente m\u00e1s orgulloso el presidente Andr\u00e9s Manuel L\u00f3pez Obrador (lo expresa as\u00ed constantemente), quien tiene un afecto personal de muchos a\u00f1os hacia el gobernador Cuitl\u00e1huac Garc\u00eda Jim\u00e9nez.<\/p>\n\n\n\n<p>Tambi\u00e9n otro que grillaba a Veracruz era Alfonso Romo, el mero-mero de negocios de AMLO\u2026 y mire lo que le pas\u00f3.<\/p>\n\n\n\n<p>Incluso hay versiones de que Romo y Scherer fueron los que metieron las manos en el tema de las videoc\u00e1maras chafas compradas por el exgobernador Yunes Linares para que el Gobierno de Veracruz no se ensa\u00f1ara con la empresa que las mal instal\u00f3. Esto tiene algo de verdad porque el asunto como denuncia no prosper\u00f3 a pesar de que se manej\u00f3 como uno de los fraudes millonarios m\u00e1s graves del miniYunato.<\/p>\n\n\n\n<p>Ahora se sabe que la mentada empresa est\u00e1 \u201creparando el da\u00f1o\u201d supuestamente volviendo a instalar las c\u00e1maras de vigilancia, algo que no se ha cacareado y a medio sexenio nom\u00e1s no se ve que realmente est\u00e9n funcionando, pero los responsables cercanos a Yunes ya la libraron con ese tema.<\/p>\n\n\n\n<p>Otras versiones entre abogados apuntan que en una de esas se convierte en ministro de la Suprema Corte de Justicia de la Naci\u00f3n, pues este a\u00f1o hay espacio para tomar posesi\u00f3n\u2026 Lo interesante ser\u00e1 saber qui\u00e9n llega\u2026<\/p>\n\n\n\n<p>\u00bfHabr\u00e1 otro gobernador que est\u00e9 pidiendo licencia en las pr\u00f3ximas horas?&nbsp;<\/p>\n\n\n\n<p>La verdad es que pocos sabr\u00e1n la realidad de la salida de Scherer de tan importante cargo y si el presidente le dar\u00e1 otra posici\u00f3n, pero anoche fue todo un suceso su salida.<\/p>\n\n\n\n<p>Todo un caso para Batman, el mejor detective del mundo.<\/p>\n\n\n\n<p><strong>NOTA PARA PEGAR EN EL REFRI:<\/strong>&nbsp;Ser\u00e1&nbsp;<a href=\"outlook-data-detector:\/\/1\">a las 11 de la ma\u00f1ana<\/a>&nbsp;de&nbsp;<a href=\"outlook-data-detector:\/\/2\">este mi\u00e9rcoles<\/a>&nbsp;la Toma de Protesta del nuevo rector de la Universidad Veracruzana, Mart\u00edn Aguilar S\u00e1nchez, para el periodo 2021-2025\u2026 Se sabe que a diferencia de un abogado al vapor que se encuentra entambado y se \u201ctitul\u00f3\u201d en la UV para convertirse en secretario de Gobierno (avalado por la saliente rectora Sarita), Mart\u00edn Aguilar no mand\u00f3 cartita para darse por enterado y rendir protesta \u201ca distancia\u201d para decirse la autoridad de la m\u00e1xima casa de estudios de la entidad veracruzana\u2026 Ya sabe, es de los universitarios que s\u00ed acab\u00f3 la escuela, en la meritita UV\u2026 Por cierto, de los primeros nombramientos realizados&nbsp;<a href=\"outlook-data-detector:\/\/3\">este martes<\/a>&nbsp;por parte de la Junta de Gobierno de la Universidad Veracruzana reunidos en sesi\u00f3n plenaria, designaron por unanimidad, a la Dra. Elena Rustri\u00e1n Portilla como Secretaria Acad\u00e9mica; y a la Mtra. Lizbeth Margarita Viveros Cancino como Secretaria de Administraci\u00f3n y Finanzas de la UV.<\/p>\n\n\n\n<p><strong>OTRA NOTA:<\/strong>&nbsp;Que entre el 15 y&nbsp;<a href=\"outlook-data-detector:\/\/4\">20 de septiembre<\/a>&nbsp;se sabr\u00eda si es v\u00e1lida la elecci\u00f3n municipal del Puerto de Veracruz, donde habr\u00eda ganado con chapuzas Patricia Lobeira, esposa de Miguel \u00c1ngel Yunes M\u00e1rquez, y quien ser\u00eda el verdadero poder tras el poder\u2026 Como se sabe, la elecci\u00f3n se mantiene impugnada y en caso de echarse para abajo, ser\u00eda quiz\u00e1s la primera nulidad entre tanta validaci\u00f3n de triunfos que ha hecho los tribunales\u2026 Quien habl\u00f3 de este tema fue el abogado experto en temas electorales Antonio Hern\u00e1ndez S\u00e1nchez, comentando que los resultados de las pasadas elecciones locales del&nbsp;<a href=\"outlook-data-detector:\/\/5\">6 de junio<\/a>&nbsp;en el pa\u00eds a\u00fan pueden sufrir modificaciones entre el primero y el segundo lugar\u2026 A pregunta expresa si todav\u00eda se pueden revertir los resultados, afirm\u00f3 que hay varias causales para ello, de entre las m\u00e1s comunes se encuentran: Instalar la casilla, sin causa justificada, en lugar distinto al se\u00f1alado por el consejo distrital correspondiente; recibir la votaci\u00f3n por personas u organismos distintos a los facultados por la ley; impedir, sin causa justificada, el ejercicio del derecho de voto a los ciudadanos, as\u00ed como haber mediado dolo o error en la computaci\u00f3n de los votos. Las cuales de acreditarse tendr\u00edan como consecuencia la nulidad de la votaci\u00f3n en una o m\u00e1s casillas y consecuentemente la variaci\u00f3n de los resultados electorales, precis\u00f3\u2026 Y abund\u00f3 que en casos de rebase al tope de gastos de campa\u00f1a en un 5 por ciento del monto total autorizado, o el haber recibido o utilizado recursos de procedencia il\u00edcita o recursos p\u00fablicos en las campa\u00f1as, adem\u00e1s de decretarse la nulidad de la elecci\u00f3n, se convocar\u00eda a una elecci\u00f3n extraordinaria, en la que no podr\u00e1 participar el candidato sancionado\u2026 Por cierto, se dice que \u201cMiguel Chiquito\u201d volvi\u00f3 a poner pies en polvorosa y ya anda de nuevo en el extranjero, dejando s\u00f3lo el departamento pedorrito donde dec\u00eda que viv\u00eda.<\/p>\n\n\n\n<p><strong>LA \u00daLTIMA PORQUE VOY A PONERLE UNA VELADORA A SUCKERVERG POR SU MILAGROSO ALGORITMO:&nbsp;<\/strong>Este mi\u00e9rcoles 1 de septiembre iniciar\u00e1n las ofrendas florales y Guardia de Honor en el monumento del &#8220;Padre de la Patria&#8221;, Miguel Hidalgo y Costilla, en el Parque Los Berros:&nbsp;<a href=\"outlook-data-detector:\/\/7\">A las 07:00<\/a>horas, Secretar\u00eda de Gobierno (llegar\u00e1n v\u00eda terrestre, no vaya siendo de malas otra vez);&nbsp;<a href=\"outlook-data-detector:\/\/8\">a las 09:00<\/a>&nbsp;horas, el H. Ayuntamiento de Xalapa con la \u00faltima Guardia de Don Hip\u00f3lito;&nbsp;<a href=\"outlook-data-detector:\/\/9\">a las 09:40<\/a>&nbsp;horas, la Secretar\u00eda de Seguridad P\u00fablica (dicen que amenizado por el Grupo L\u00edmite);&nbsp;<a href=\"outlook-data-detector:\/\/10\">a las 10:20<\/a>&nbsp;horas, la Secretar\u00eda de Finanzas y Planeaci\u00f3n;&nbsp;<a href=\"outlook-data-detector:\/\/11\">a las 11:00<\/a>&nbsp;horas, la Secretar\u00eda de Educaci\u00f3n con el de la pata off-road desconchabadita; y a las<br><a href=\"outlook-data-detector:\/\/12\">11:40<\/a>&nbsp;horas, la Secretar\u00eda de Trabajo, Previsi\u00f3n Social y Productividad\u2026 Por otra parte, el gober Cuitl\u00e1huac estar\u00e1 en El Lencero, en las instalaciones militares, en la toma de protesta y posesi\u00f3n del comandante de la 26\/a zona militar.<\/p>\n","protected":false},"excerpt":{"rendered":"<p>@pablojair + El rector no va a mandar cartita como \u201cLokelio\u201d.+ A mediados o finales de septiembre, elecci\u00f3n de Veracruz.+ Guardias en Los Berros y cambio de mando en el Batall\u00f3n. Que los problemas de seguridad en C\u00f3rdoba est\u00e1n f\u00e1ciles de resolver:s\u00f3lo tienen que detener al \u201cdealer\u201d de la \u201calta suciedad\u201d y con eso&#8230;\u2014Chopenjawer Considerado [&hellip;]<\/p>\n","protected":false},"author":1,"featured_media":488,"comment_status":"open","ping_status":"open","sticky":false,"template":"","format":"standard","meta":{"_jetpack_memberships_contains_paid_content":false,"footnotes":""},"categories":[11],"tags":[],"class_list":["post-17958","post","type-post","status-publish","format-standard","has-post-thumbnail","hentry","category-opinion"],"jetpack_featured_media_url":"https:\/\/encuentroinformativo.com.mx\/wp-content\/uploads\/2020\/03\/F471F608-BA1A-416B-BA7B-BCFB24F4E6D0.jpeg","jetpack_sharing_enabled":true,"jetpack_likes_enabled":true,"amp_enabled":true,"_links":{"self":[{"href":"https:\/\/encuentroinformativo.com.mx\/index.php?rest_route=\/wp\/v2\/posts\/17958","targetHints":{"allow":["GET"]}}],"collection":[{"href":"https:\/\/encuentroinformativo.com.mx\/index.php?rest_route=\/wp\/v2\/posts"}],"about":[{"href":"https:\/\/encuentroinformativo.com.mx\/index.php?rest_route=\/wp\/v2\/types\/post"}],"author":[{"embeddable":true,"href":"https:\/\/encuentroinformativo.com.mx\/index.php?rest_route=\/wp\/v2\/users\/1"}],"replies":[{"embeddable":true,"href":"https:\/\/encuentroinformativo.com.mx\/index.php?rest_route=%2Fwp%2Fv2%2Fcomments&post=17958"}],"version-history":[{"count":1,"href":"https:\/\/encuentroinformativo.com.mx\/index.php?rest_route=\/wp\/v2\/posts\/17958\/revisions"}],"predecessor-version":[{"id":17959,"href":"https:\/\/encuentroinformativo.com.mx\/index.php?rest_route=\/wp\/v2\/posts\/17958\/revisions\/17959"}],"wp:featuredmedia":[{"embeddable":true,"href":"https:\/\/encuentroinformativo.com.mx\/index.php?rest_route=\/wp\/v2\/media\/488"}],"wp:attachment":[{"href":"https:\/\/encuentroinformativo.com.mx\/index.php?rest_route=%2Fwp%2Fv2%2Fmedia&parent=17958"}],"wp:term":[{"taxonomy":"category","embeddable":true,"href":"https:\/\/encuentroinformativo.com.mx\/index.php?rest_route=%2Fwp%2Fv2%2Fcategories&post=17958"},{"taxonomy":"post_tag","embeddable":true,"href":"https:\/\/encuentroinformativo.com.mx\/index.php?rest_route=%2Fwp%2Fv2%2Ftags&post=17958"}],"curies":[{"name":"wp","href":"https:\/\/api.w.org\/{rel}","templated":true}]}}