{"id":17961,"date":"2021-09-01T10:27:07","date_gmt":"2021-09-01T15:27:07","guid":{"rendered":"https:\/\/encuentroinformativo.com.mx\/?p=17961"},"modified":"2021-09-01T10:27:11","modified_gmt":"2021-09-01T15:27:11","slug":"paridad-y-gubernaturas","status":"publish","type":"post","link":"https:\/\/encuentroinformativo.com.mx\/?p=17961","title":{"rendered":"Paridad y gubernaturas"},"content":{"rendered":"\n<p><strong>Los Pol\u00edticos<\/strong><\/p>\n\n\n\n<p><strong>Salvador Mu\u00f1oz<\/strong><\/p>\n\n\n\n<p>En t\u00e9rminos cuantitativos, el hecho de que haya 250 mujeres y 250 hombres en San L\u00e1zaro bien vale celebrarlo porque es la primera vez que se consolida la paridad en la C\u00e1mara Baja\u2026 en el Senado, hasta donde se sab\u00eda, de 128 esca\u00f1os, 63 son para mujeres y 65 para hombres\u2026en tanto, de las 46 comisiones existentes, 21 son presididas por senadoras\u2026 \u00a1cuasi paritarios!<\/p>\n\n\n\n<p>Insisto: hasta el momento, la paridad se celebra de manera Cuantitativa&#8230;&nbsp;<\/p>\n\n\n\n<p>\u00a1Qu\u00e9 bonito ser\u00eda que la paridad, desde su momento, por ejemplo, acabara con la violencia pol\u00edtica, para no vernos tan ambiciosos! \u00a1Qu\u00e9 bonito ser\u00eda que el conjunto de senadoras y\/o diputadas, sin distinci\u00f3n de partido y ahora, hasta de credos y dogmas, viera en las mujeres una de las poderosas razones por las que est\u00e1n all\u00ed, para representarlas! Al menos, en lo que yo he percibido, la Paridad sigue siendo un n\u00famero, porque a veces, esas representantes populares o plurinominales, lejos de apoyar a sus cong\u00e9neres, se les van con todo\u2026 un ejemplo reciente de ello es el tri\u00e1ngulo conformado en la Ciudad de M\u00e9xico entre la jefa de Gobierno, Claudia Sheinbaum; la alcaldesa electa de \u00c1lvaro Obreg\u00f3n, L\u00eda Lim\u00f3n; y la senadora Citlalli Hern\u00e1ndez.<\/p>\n\n\n\n<p>La edil electa recibi\u00f3 un golpe en la nariz por parte de un elemento policiaco que si agredi\u00f3, la orden era represi\u00f3n, no contenci\u00f3n. Al momento de escribir esto, Sheinbaum hab\u00eda guardado silencio pero no as\u00ed la Senadora, que literalmente acus\u00f3 a Lim\u00f3n de \u201cprovocadora\u201d pero olvidando sus propias palabras: \u201cEn mi experiencia como ciudadana, activista y legisladora siempre vi al grupo de granaderos como una amenaza contra la libertad de manifestaci\u00f3n. El anterior gobierno los utilizaba para reprimir, as\u00ed \u2018dialogaban\u2019. Celebro que Claudia Sheinbaum anuncie la desaparici\u00f3n de este grupo\u201d.<\/p>\n\n\n\n<p>As\u00ed las cosas, pues no ser\u00eda nada extra\u00f1o ver a la tambi\u00e9n secretaria general del partido Morena, Citlalli Hern\u00e1ndez, proponer en la C\u00e1mara Alta la condecoraci\u00f3n al Polic\u00eda que agredi\u00f3 a la alcaldesa Ali Lim\u00f3n.<\/p>\n\n\n\n<p>Por eso digo que hasta el momento, hay que celebrar la cuantitividad de la paridad\u2026 \u00a1Paridad en Todo! Hay tiempo y buenos deseos con la integraci\u00f3n de la C\u00e1mara Baja de que se empiece a rayar en lo efectivo de la Paridad\u2026 que esas 250 diputadas hagan valer ese 51.2 por ciento de mujeres en el pa\u00eds\u2026 \u00a1son m\u00e1s, chingao! \u00a1acuerden! \u00a1dialoguen! \u00a1unan esfuerzos! y antes que un \u201cismo\u201d y color en su curul, piensen en lo mucho que pueden hacer por las mujeres.<\/p>\n\n\n\n<p>Y deber\u00edan de irlo pensando\u2026 m\u00e1s cuando las candidaturas a gubernaturas han de seguir el mismo camino que en las elecciones a diputados y presidentes municipales\u2026 paridad\u2026<\/p>\n\n\n\n<p>Al menos en Veracruz, creo que ha de ser tarea de la pr\u00f3xima Legislatura afinar los detalles para garantizar el principio de paridad de g\u00e9nero en la postulaci\u00f3n de candidaturas a la Gubernatura\u2026 \u00a1ojo! porque en una de \u00e9sas, se le ir\u00eda allanando el camino a Roc\u00edo Nahle, por parte de Morena\u2026 \u00a1ojo! pero entonces el PRI deber\u00eda de ir pensando en fortalecer a sus cuadros femeninos, y al golpe pienso en dos: Anil\u00fa y Lorena\u2026 \u00a1ojo! porque el PAN pudiera pensar en su mejor carta femenina en este momento en la figura de Maryjos\u00e9 Gamboa\u2026 \u00bfy Movimiento Ciudadano? \u00a1Damas tiene! \u00a1Habr\u00e1 que ver cu\u00e1l es la que mejor proyecta! porque la Paridad en Todo est\u00e1 a la vuelta de la esquina\u2026<\/p>\n\n\n\n<p><a href=\"mailto:smcainito@gmail.com\" target=\"_blank\" rel=\"noreferrer noopener\">smcainito@gmail.com<\/a><\/p>\n","protected":false},"excerpt":{"rendered":"<p>Los Pol\u00edticos Salvador Mu\u00f1oz En t\u00e9rminos cuantitativos, el hecho de que haya 250 mujeres y 250 hombres en San L\u00e1zaro bien vale celebrarlo porque es la primera vez que se consolida la paridad en la C\u00e1mara Baja\u2026 en el Senado, hasta donde se sab\u00eda, de 128 esca\u00f1os, 63 son para mujeres y 65 para hombres\u2026en [&hellip;]<\/p>\n","protected":false},"author":1,"featured_media":387,"comment_status":"open","ping_status":"open","sticky":false,"template":"","format":"standard","meta":{"_jetpack_memberships_contains_paid_content":false,"footnotes":""},"categories":[11],"tags":[],"class_list":["post-17961","post","type-post","status-publish","format-standard","has-post-thumbnail","hentry","category-opinion"],"jetpack_featured_media_url":"https:\/\/encuentroinformativo.com.mx\/wp-content\/uploads\/2020\/03\/7CF8A22B-2764-47BE-8F7F-38FE9E5D6A2F.jpeg","jetpack_sharing_enabled":true,"jetpack_likes_enabled":true,"amp_enabled":true,"_links":{"self":[{"href":"https:\/\/encuentroinformativo.com.mx\/index.php?rest_route=\/wp\/v2\/posts\/17961","targetHints":{"allow":["GET"]}}],"collection":[{"href":"https:\/\/encuentroinformativo.com.mx\/index.php?rest_route=\/wp\/v2\/posts"}],"about":[{"href":"https:\/\/encuentroinformativo.com.mx\/index.php?rest_route=\/wp\/v2\/types\/post"}],"author":[{"embeddable":true,"href":"https:\/\/encuentroinformativo.com.mx\/index.php?rest_route=\/wp\/v2\/users\/1"}],"replies":[{"embeddable":true,"href":"https:\/\/encuentroinformativo.com.mx\/index.php?rest_route=%2Fwp%2Fv2%2Fcomments&post=17961"}],"version-history":[{"count":1,"href":"https:\/\/encuentroinformativo.com.mx\/index.php?rest_route=\/wp\/v2\/posts\/17961\/revisions"}],"predecessor-version":[{"id":17962,"href":"https:\/\/encuentroinformativo.com.mx\/index.php?rest_route=\/wp\/v2\/posts\/17961\/revisions\/17962"}],"wp:featuredmedia":[{"embeddable":true,"href":"https:\/\/encuentroinformativo.com.mx\/index.php?rest_route=\/wp\/v2\/media\/387"}],"wp:attachment":[{"href":"https:\/\/encuentroinformativo.com.mx\/index.php?rest_route=%2Fwp%2Fv2%2Fmedia&parent=17961"}],"wp:term":[{"taxonomy":"category","embeddable":true,"href":"https:\/\/encuentroinformativo.com.mx\/index.php?rest_route=%2Fwp%2Fv2%2Fcategories&post=17961"},{"taxonomy":"post_tag","embeddable":true,"href":"https:\/\/encuentroinformativo.com.mx\/index.php?rest_route=%2Fwp%2Fv2%2Ftags&post=17961"}],"curies":[{"name":"wp","href":"https:\/\/api.w.org\/{rel}","templated":true}]}}