{"id":17973,"date":"2021-09-01T14:01:47","date_gmt":"2021-09-01T19:01:47","guid":{"rendered":"https:\/\/encuentroinformativo.com.mx\/?p=17973"},"modified":"2021-09-01T14:01:50","modified_gmt":"2021-09-01T19:01:50","slug":"acusan-colectivos-imposicion-en-comision-de-victimas","status":"publish","type":"post","link":"https:\/\/encuentroinformativo.com.mx\/?p=17973","title":{"rendered":"Acusan Colectivos imposici\u00f3n en Comision de V\u00edctimas"},"content":{"rendered":"\n<p><strong>Juan Arcos<\/strong> <\/p>\n\n\n\n<p>Xalapa, Ver.- Diversos colectivos de familiares de desaparecidos protestaron frente a Palacio de Gobierno para denunciar una presunta imposici\u00f3n en el proceso para la designaci\u00f3n del titular de la Comision Ejecutiva Estatal de Atenci\u00f3n Integral a V\u00edctimas (CEEAIV).<\/p>\n\n\n\n<p>Se trata de al menos diez agrupaciones, entre ellas el Colectivo Madres Luna y el Colectivo Familiares Enlaces Xalapa, quienes exigen la permanencia de Lorena Mendoza S\u00e1nchez como comisionada ejecutiva.<\/p>\n\n\n\n<p>De acuerdo con Victoria Delgadillo Romero, representante del Colectivo Familiares Enlaces Xalapa, en la terna fueron elegidas tres personas para contender por el cargo.\u00a0<br>Sin embargo, a su juicio, estas personas son totalmente desconocidas para los colectivos de familiares de desaparecidos y carecen de trayectoria en la atenci\u00f3n a v\u00edctimas.<\/p>\n\n\n\n<p>\u201cEs una terna a modo del gobierno, porque los tres que quedaron en la terna ni los conocemos, ni sabemos de d\u00f3nde son, ni han tenido ning\u00fan acercamiento con las v\u00edctimas\u201d.\u00a0<br>La entrevistada indic\u00f3 que una de los candidatos es Yuliana Aguilar Rodr\u00edguez, quien apenas hace cuatro meses recibi\u00f3 su c\u00e9dula profesional e ingres\u00f3 a laborar a la Comisi\u00f3n de V\u00edctimas para posteriormente asumir la titularidad.<\/p>\n\n\n\n<p>Los colectivos estaban de acuerdo con la propuesta de Cristian Carrillo para asumir el cargo, debido a que ha acompa\u00f1ado a los familiares de desaparecidos desde hace 11 a\u00f1os; sin embargo, no fue tomado en cuenta en la terna.<\/p>\n\n\n\n<p>Los familiares de desaparecidos acusaron que el secretario de Gobierno, Eric Patrocinio Cisneros Burgos, pretende imponer a personas de su confianza para que asuman el cargo mencionado.<\/p>\n\n\n\n<p>\u201cTenemos entendido que el licenciado Eric Cisneros es quien la est\u00e1 apoyando (a Yuliana), entonces aqu\u00ed no es imposici\u00f3n, aqu\u00ed nosotros los colectivos somos los que sabemos las necesidades que tenemos. No se vale que nos quieran imponer a personas que no saben nada de trabajar con v\u00edctimas\u201d, remataron.<\/p>\n\n\n\n<figure class=\"wp-block-image size-large\"><img loading=\"lazy\" decoding=\"async\" width=\"1024\" height=\"768\" src=\"https:\/\/encuentroinformativo.com.mx\/wp-content\/uploads\/2021\/09\/9B3B130E-1C44-4177-B09A-458061DB99C6-1024x768.jpeg\" alt=\"\" class=\"wp-image-17975\" srcset=\"https:\/\/encuentroinformativo.com.mx\/wp-content\/uploads\/2021\/09\/9B3B130E-1C44-4177-B09A-458061DB99C6-1024x768.jpeg 1024w, https:\/\/encuentroinformativo.com.mx\/wp-content\/uploads\/2021\/09\/9B3B130E-1C44-4177-B09A-458061DB99C6-300x225.jpeg 300w, https:\/\/encuentroinformativo.com.mx\/wp-content\/uploads\/2021\/09\/9B3B130E-1C44-4177-B09A-458061DB99C6-768x576.jpeg 768w, https:\/\/encuentroinformativo.com.mx\/wp-content\/uploads\/2021\/09\/9B3B130E-1C44-4177-B09A-458061DB99C6-1536x1152.jpeg 1536w, https:\/\/encuentroinformativo.com.mx\/wp-content\/uploads\/2021\/09\/9B3B130E-1C44-4177-B09A-458061DB99C6.jpeg 2016w\" sizes=\"auto, (max-width: 1024px) 100vw, 1024px\" \/><\/figure>\n","protected":false},"excerpt":{"rendered":"<p>Juan Arcos Xalapa, Ver.- Diversos colectivos de familiares de desaparecidos protestaron frente a Palacio de Gobierno para denunciar una presunta imposici\u00f3n en el proceso para la designaci\u00f3n del titular de la Comision Ejecutiva Estatal de Atenci\u00f3n Integral a V\u00edctimas (CEEAIV). Se trata de al menos diez agrupaciones, entre ellas el Colectivo Madres Luna y el [&hellip;]<\/p>\n","protected":false},"author":1,"featured_media":17974,"comment_status":"open","ping_status":"open","sticky":false,"template":"","format":"standard","meta":{"_jetpack_memberships_contains_paid_content":false,"footnotes":""},"categories":[2],"tags":[],"class_list":["post-17973","post","type-post","status-publish","format-standard","has-post-thumbnail","hentry","category-estado"],"jetpack_featured_media_url":"https:\/\/encuentroinformativo.com.mx\/wp-content\/uploads\/2021\/09\/2330D45C-6967-4B5A-8A89-5A42C46F9B59.jpeg","jetpack_sharing_enabled":true,"jetpack_likes_enabled":true,"amp_enabled":true,"_links":{"self":[{"href":"https:\/\/encuentroinformativo.com.mx\/index.php?rest_route=\/wp\/v2\/posts\/17973","targetHints":{"allow":["GET"]}}],"collection":[{"href":"https:\/\/encuentroinformativo.com.mx\/index.php?rest_route=\/wp\/v2\/posts"}],"about":[{"href":"https:\/\/encuentroinformativo.com.mx\/index.php?rest_route=\/wp\/v2\/types\/post"}],"author":[{"embeddable":true,"href":"https:\/\/encuentroinformativo.com.mx\/index.php?rest_route=\/wp\/v2\/users\/1"}],"replies":[{"embeddable":true,"href":"https:\/\/encuentroinformativo.com.mx\/index.php?rest_route=%2Fwp%2Fv2%2Fcomments&post=17973"}],"version-history":[{"count":1,"href":"https:\/\/encuentroinformativo.com.mx\/index.php?rest_route=\/wp\/v2\/posts\/17973\/revisions"}],"predecessor-version":[{"id":17976,"href":"https:\/\/encuentroinformativo.com.mx\/index.php?rest_route=\/wp\/v2\/posts\/17973\/revisions\/17976"}],"wp:featuredmedia":[{"embeddable":true,"href":"https:\/\/encuentroinformativo.com.mx\/index.php?rest_route=\/wp\/v2\/media\/17974"}],"wp:attachment":[{"href":"https:\/\/encuentroinformativo.com.mx\/index.php?rest_route=%2Fwp%2Fv2%2Fmedia&parent=17973"}],"wp:term":[{"taxonomy":"category","embeddable":true,"href":"https:\/\/encuentroinformativo.com.mx\/index.php?rest_route=%2Fwp%2Fv2%2Fcategories&post=17973"},{"taxonomy":"post_tag","embeddable":true,"href":"https:\/\/encuentroinformativo.com.mx\/index.php?rest_route=%2Fwp%2Fv2%2Ftags&post=17973"}],"curies":[{"name":"wp","href":"https:\/\/api.w.org\/{rel}","templated":true}]}}