{"id":17977,"date":"2021-09-01T14:14:47","date_gmt":"2021-09-01T19:14:47","guid":{"rendered":"https:\/\/encuentroinformativo.com.mx\/?p=17977"},"modified":"2021-09-01T14:14:51","modified_gmt":"2021-09-01T19:14:51","slug":"impediran-paso-de-caravana-migrante-por-veracruz","status":"publish","type":"post","link":"https:\/\/encuentroinformativo.com.mx\/?p=17977","title":{"rendered":"Impedir\u00e1n paso de caravana migrante por Veracruz"},"content":{"rendered":"\n<p><strong>Dar\u00edo Pale <\/strong><\/p>\n\n\n\n<p>Xalapa, Ver.- El director de Atenci\u00f3n a Migrantes del Estado, Carlos Enrique Escalante dio a conocer que el gobierno de Veracruz apoyar\u00e1 las acciones de contenci\u00f3n de la Federaci\u00f3n para impedir el paso de la caravana de haitianos que est\u00e1 intentando cruzar la frontera sur del pa\u00eds.<\/p>\n\n\n\n<p>Entrevistado posterior a la guardia de honor en el parque de Los Berros explic\u00f3 que hay presi\u00f3n en la frontera sur, por lo que expuso que el Instituto Nacional de Migraci\u00f3n junto con la Guardia Nacional est\u00e1n haciendo un bloque de contenci\u00f3n para evitar que pase la caravana.<\/p>\n\n\n\n<p>&#8220;Las instrucciones seg\u00fan tengo comunicaci\u00f3n con el Instituto Nacional de Migraci\u00f3n, es no permitir el paso de la caravana, continuar con la contenci\u00f3n y no permitir que pasen&#8221;, se\u00f1al\u00f3.<\/p>\n\n\n\n<p>Coment\u00f3 que la instrucci\u00f3n del Gobernador es ayudar en todo lo posible a los migrantes que ya est\u00e1n en Veracruz si es que tienen alguna contingencia, destac\u00f3 que en comparaci\u00f3n con el a\u00f1o pasado que no hubo paso de migrantes, en este 2021 se est\u00e1n reactivando las intenciones de pasar.<\/p>\n\n\n\n<p>Detall\u00f3 que los migrantes detenidos en la estaci\u00f3n migraci\u00f3n es de alrededor de 300 al d\u00eda, pero no se puede decir cu\u00e1ntos s\u00ed logran pasar.<\/p>\n\n\n\n<p>Finalmente se\u00f1al\u00f3 que en Veracruz hay unos 10 mil migrantes asentados, pero esto dato es de hace muchos a\u00f1os, algunos est\u00e1n en el programa de Regulaci\u00f3n Migratoria que implement\u00f3 la direcci\u00f3n a su cargo.<\/p>\n","protected":false},"excerpt":{"rendered":"<p>Dar\u00edo Pale Xalapa, Ver.- El director de Atenci\u00f3n a Migrantes del Estado, Carlos Enrique Escalante dio a conocer que el gobierno de Veracruz apoyar\u00e1 las acciones de contenci\u00f3n de la Federaci\u00f3n para impedir el paso de la caravana de haitianos que est\u00e1 intentando cruzar la frontera sur del pa\u00eds. Entrevistado posterior a la guardia de [&hellip;]<\/p>\n","protected":false},"author":1,"featured_media":8229,"comment_status":"open","ping_status":"open","sticky":false,"template":"","format":"standard","meta":{"_jetpack_memberships_contains_paid_content":false,"footnotes":""},"categories":[2],"tags":[],"class_list":["post-17977","post","type-post","status-publish","format-standard","has-post-thumbnail","hentry","category-estado"],"jetpack_featured_media_url":"https:\/\/encuentroinformativo.com.mx\/wp-content\/uploads\/2020\/11\/A9839D0A-9D01-4DD4-B143-20F4801A1873.jpeg","jetpack_sharing_enabled":true,"jetpack_likes_enabled":true,"amp_enabled":true,"_links":{"self":[{"href":"https:\/\/encuentroinformativo.com.mx\/index.php?rest_route=\/wp\/v2\/posts\/17977","targetHints":{"allow":["GET"]}}],"collection":[{"href":"https:\/\/encuentroinformativo.com.mx\/index.php?rest_route=\/wp\/v2\/posts"}],"about":[{"href":"https:\/\/encuentroinformativo.com.mx\/index.php?rest_route=\/wp\/v2\/types\/post"}],"author":[{"embeddable":true,"href":"https:\/\/encuentroinformativo.com.mx\/index.php?rest_route=\/wp\/v2\/users\/1"}],"replies":[{"embeddable":true,"href":"https:\/\/encuentroinformativo.com.mx\/index.php?rest_route=%2Fwp%2Fv2%2Fcomments&post=17977"}],"version-history":[{"count":1,"href":"https:\/\/encuentroinformativo.com.mx\/index.php?rest_route=\/wp\/v2\/posts\/17977\/revisions"}],"predecessor-version":[{"id":17978,"href":"https:\/\/encuentroinformativo.com.mx\/index.php?rest_route=\/wp\/v2\/posts\/17977\/revisions\/17978"}],"wp:featuredmedia":[{"embeddable":true,"href":"https:\/\/encuentroinformativo.com.mx\/index.php?rest_route=\/wp\/v2\/media\/8229"}],"wp:attachment":[{"href":"https:\/\/encuentroinformativo.com.mx\/index.php?rest_route=%2Fwp%2Fv2%2Fmedia&parent=17977"}],"wp:term":[{"taxonomy":"category","embeddable":true,"href":"https:\/\/encuentroinformativo.com.mx\/index.php?rest_route=%2Fwp%2Fv2%2Fcategories&post=17977"},{"taxonomy":"post_tag","embeddable":true,"href":"https:\/\/encuentroinformativo.com.mx\/index.php?rest_route=%2Fwp%2Fv2%2Ftags&post=17977"}],"curies":[{"name":"wp","href":"https:\/\/api.w.org\/{rel}","templated":true}]}}