{"id":17979,"date":"2021-09-01T18:11:49","date_gmt":"2021-09-01T23:11:49","guid":{"rendered":"https:\/\/encuentroinformativo.com.mx\/?p=17979"},"modified":"2021-09-01T18:11:53","modified_gmt":"2021-09-01T23:11:53","slug":"analiza-veracruz-puerto-realizar-grito-de-independencia","status":"publish","type":"post","link":"https:\/\/encuentroinformativo.com.mx\/?p=17979","title":{"rendered":"Analiza Veracruz puerto realizar Grito de Independencia"},"content":{"rendered":"\n<p><strong>Alejandro \u00c1vila<\/strong><\/p>\n\n\n\n<p>Veracruz, Ver. &#8211; El alcalde de Veracruz, Fernando Yunes M\u00e1rquez, mencion\u00f3 que s\u00ed contemplan realizar la ceremonia del Grito de Independencia con presencia de personas en el z\u00f3calo de la ciudad.<\/p>\n\n\n\n<p>El edil panista mencion\u00f3 que, en caso de confirmar el evento del Grito de Independencia con asistencia al p\u00fablico, se tendr\u00e1n ciertas restricciones, pero expuso que si existiera alguna cr\u00edtica, tan solo se debe recordar que se han realizado ya eventos masivos en lugares cerrados, y como ejemplo cit\u00f3 el pr\u00f3ximo concierto del cantante regional mexicano, Cristian Nodal.<\/p>\n\n\n\n<p>\u201cNo veo la raz\u00f3n por la cual no se puedan llevar a cabo eventos al aire libre como lo recomienda la Organizaci\u00f3n Mundial de la Salud. Yo creo que el tema de la pandemia nos ha ense\u00f1ado a actuar con coherencia y con racionalidad; es decir, no irracional, que si vinieron los \u00c1ngeles Azules hace dos meses, est\u00e9 la gente sin cubre bocas bailando en el World Trade Center con aire acondicionado, que eso s\u00ed es inseguro, pues no tengamos eventos al aire libre\u201d, puntualiz\u00f3.<\/p>\n\n\n\n<p>En cuanto al presupuesto de la ceremonia del Grito de Independencia, asegur\u00f3 que se tiene destinado un monto econ\u00f3mico para llevarlo a cabo, ya sea presencial o solo el acto protocolario, aunque aclar\u00f3 no se har\u00e1 una magna fiesta como en otros a\u00f1os, que se ten\u00edan grupos musicales o se regalaba comida y bebida a cierta cantidad de asistentes.<\/p>\n\n\n\n<p>Este mi\u00e9rcoles 1 de septiembre, se present\u00f3 un programa de regularizaci\u00f3n para la ciudadan\u00eda que tiene retraso en pagos del impuesto predial, por lo que de realizar su pago en este mes de septiembre, les har\u00edan un descuento del 50 por ciento.<\/p>\n","protected":false},"excerpt":{"rendered":"<p>Alejandro \u00c1vila Veracruz, Ver. &#8211; El alcalde de Veracruz, Fernando Yunes M\u00e1rquez, mencion\u00f3 que s\u00ed contemplan realizar la ceremonia del Grito de Independencia con presencia de personas en el z\u00f3calo de la ciudad. El edil panista mencion\u00f3 que, en caso de confirmar el evento del Grito de Independencia con asistencia al p\u00fablico, se tendr\u00e1n ciertas [&hellip;]<\/p>\n","protected":false},"author":1,"featured_media":17980,"comment_status":"open","ping_status":"open","sticky":false,"template":"","format":"standard","meta":{"_jetpack_memberships_contains_paid_content":false,"footnotes":""},"categories":[2],"tags":[],"class_list":["post-17979","post","type-post","status-publish","format-standard","has-post-thumbnail","hentry","category-estado"],"jetpack_featured_media_url":"https:\/\/encuentroinformativo.com.mx\/wp-content\/uploads\/2021\/09\/899ED7D9-73E2-470A-846D-6CA9624088D8.jpeg","jetpack_sharing_enabled":true,"jetpack_likes_enabled":true,"amp_enabled":true,"_links":{"self":[{"href":"https:\/\/encuentroinformativo.com.mx\/index.php?rest_route=\/wp\/v2\/posts\/17979","targetHints":{"allow":["GET"]}}],"collection":[{"href":"https:\/\/encuentroinformativo.com.mx\/index.php?rest_route=\/wp\/v2\/posts"}],"about":[{"href":"https:\/\/encuentroinformativo.com.mx\/index.php?rest_route=\/wp\/v2\/types\/post"}],"author":[{"embeddable":true,"href":"https:\/\/encuentroinformativo.com.mx\/index.php?rest_route=\/wp\/v2\/users\/1"}],"replies":[{"embeddable":true,"href":"https:\/\/encuentroinformativo.com.mx\/index.php?rest_route=%2Fwp%2Fv2%2Fcomments&post=17979"}],"version-history":[{"count":1,"href":"https:\/\/encuentroinformativo.com.mx\/index.php?rest_route=\/wp\/v2\/posts\/17979\/revisions"}],"predecessor-version":[{"id":17981,"href":"https:\/\/encuentroinformativo.com.mx\/index.php?rest_route=\/wp\/v2\/posts\/17979\/revisions\/17981"}],"wp:featuredmedia":[{"embeddable":true,"href":"https:\/\/encuentroinformativo.com.mx\/index.php?rest_route=\/wp\/v2\/media\/17980"}],"wp:attachment":[{"href":"https:\/\/encuentroinformativo.com.mx\/index.php?rest_route=%2Fwp%2Fv2%2Fmedia&parent=17979"}],"wp:term":[{"taxonomy":"category","embeddable":true,"href":"https:\/\/encuentroinformativo.com.mx\/index.php?rest_route=%2Fwp%2Fv2%2Fcategories&post=17979"},{"taxonomy":"post_tag","embeddable":true,"href":"https:\/\/encuentroinformativo.com.mx\/index.php?rest_route=%2Fwp%2Fv2%2Ftags&post=17979"}],"curies":[{"name":"wp","href":"https:\/\/api.w.org\/{rel}","templated":true}]}}