{"id":17985,"date":"2021-09-01T18:49:02","date_gmt":"2021-09-01T23:49:02","guid":{"rendered":"https:\/\/encuentroinformativo.com.mx\/?p=17985"},"modified":"2021-09-01T18:49:05","modified_gmt":"2021-09-01T23:49:05","slug":"noventa-por-ciento-de-negocios-en-tecolutla-fueron-devastados","status":"publish","type":"post","link":"https:\/\/encuentroinformativo.com.mx\/?p=17985","title":{"rendered":"Noventa por ciento de negocios en Tecolutla fueron devastados"},"content":{"rendered":"\n<p><strong>Alejandro \u00c1vila<\/strong><\/p>\n\n\n\n<p>Veracruz, Ver.- Los comercios en Poza Rica y Tecolutla fueron los m\u00e1s afectados por el paso del hurac\u00e1n &#8220;Grace&#8221;, tan solo en este \u00faltimo municipio el 90 por ciento de los establecimientos fueron devastados, sobre todo aquellos que est\u00e1n a orilla del mar.<\/p>\n\n\n\n<p>Por tal motivo, la C\u00e1mara Nacional de Comercio en Veracruz solicit\u00f3 al gobierno estatal y federal entregar apoyos a los comerciantes lo antes posible pues, adem\u00e1s, son promotores turisticos de la zona.<\/p>\n\n\n\n<p>\u201cHab\u00eda 375 comercios en la zona de playa y el 90 por ciento de afect\u00f3. Tambi\u00e9n en la zona hacia adentro de Poza Rica, en la zona hacia la monta\u00f1a. Est\u00e1 da\u00f1ado por el desbordamiento de los r\u00edos. Hay zonas donde no se puede pasar todav\u00eda\u201d, declar\u00f3.<\/p>\n\n\n\n<p>A pesar de la sucedido, exhort\u00f3 a los comerciantes a no incrementar el precio de sus productos, pues eso en nada ayudar\u00e1 a reponerse del mal, en cambio generar\u00e1 una mala imagen.<\/p>\n\n\n\n<p>\u201cA veces hay malas pr\u00e1cticas de negocios y no est\u00e1 en nosotros controlar pero si recomendar porque no se vale en estos tiempos incrementar los costos\u201d, puntualiz\u00f3.<\/p>\n\n\n\n<p>Finalmente, dijo que mantienen un Centro de Acopio que enviar\u00e1n a la zona norte del Estado.<\/p>\n\n\n\n<p>El cargamento con 3 toneladas saldr\u00e1 este jueves hacia Papantla para distribuirlo entre los habitantes de las zonas afectadas.&nbsp;<\/p>\n","protected":false},"excerpt":{"rendered":"<p>Alejandro \u00c1vila Veracruz, Ver.- Los comercios en Poza Rica y Tecolutla fueron los m\u00e1s afectados por el paso del hurac\u00e1n &#8220;Grace&#8221;, tan solo en este \u00faltimo municipio el 90 por ciento de los establecimientos fueron devastados, sobre todo aquellos que est\u00e1n a orilla del mar. Por tal motivo, la C\u00e1mara Nacional de Comercio en Veracruz [&hellip;]<\/p>\n","protected":false},"author":1,"featured_media":5004,"comment_status":"open","ping_status":"open","sticky":false,"template":"","format":"standard","meta":{"_jetpack_memberships_contains_paid_content":false,"footnotes":""},"categories":[2],"tags":[],"class_list":["post-17985","post","type-post","status-publish","format-standard","has-post-thumbnail","hentry","category-estado"],"jetpack_featured_media_url":"https:\/\/encuentroinformativo.com.mx\/wp-content\/uploads\/2020\/08\/F2B9E1B2-C2D6-4378-A106-0877DEF5FF2D.jpeg","jetpack_sharing_enabled":true,"jetpack_likes_enabled":true,"amp_enabled":true,"_links":{"self":[{"href":"https:\/\/encuentroinformativo.com.mx\/index.php?rest_route=\/wp\/v2\/posts\/17985","targetHints":{"allow":["GET"]}}],"collection":[{"href":"https:\/\/encuentroinformativo.com.mx\/index.php?rest_route=\/wp\/v2\/posts"}],"about":[{"href":"https:\/\/encuentroinformativo.com.mx\/index.php?rest_route=\/wp\/v2\/types\/post"}],"author":[{"embeddable":true,"href":"https:\/\/encuentroinformativo.com.mx\/index.php?rest_route=\/wp\/v2\/users\/1"}],"replies":[{"embeddable":true,"href":"https:\/\/encuentroinformativo.com.mx\/index.php?rest_route=%2Fwp%2Fv2%2Fcomments&post=17985"}],"version-history":[{"count":1,"href":"https:\/\/encuentroinformativo.com.mx\/index.php?rest_route=\/wp\/v2\/posts\/17985\/revisions"}],"predecessor-version":[{"id":17986,"href":"https:\/\/encuentroinformativo.com.mx\/index.php?rest_route=\/wp\/v2\/posts\/17985\/revisions\/17986"}],"wp:featuredmedia":[{"embeddable":true,"href":"https:\/\/encuentroinformativo.com.mx\/index.php?rest_route=\/wp\/v2\/media\/5004"}],"wp:attachment":[{"href":"https:\/\/encuentroinformativo.com.mx\/index.php?rest_route=%2Fwp%2Fv2%2Fmedia&parent=17985"}],"wp:term":[{"taxonomy":"category","embeddable":true,"href":"https:\/\/encuentroinformativo.com.mx\/index.php?rest_route=%2Fwp%2Fv2%2Fcategories&post=17985"},{"taxonomy":"post_tag","embeddable":true,"href":"https:\/\/encuentroinformativo.com.mx\/index.php?rest_route=%2Fwp%2Fv2%2Ftags&post=17985"}],"curies":[{"name":"wp","href":"https:\/\/api.w.org\/{rel}","templated":true}]}}