{"id":17989,"date":"2021-09-02T09:25:34","date_gmt":"2021-09-02T14:25:34","guid":{"rendered":"https:\/\/encuentroinformativo.com.mx\/?p=17989"},"modified":"2021-09-02T03:04:41","modified_gmt":"2021-09-02T08:04:41","slug":"mexico-si-se-puede","status":"publish","type":"post","link":"https:\/\/encuentroinformativo.com.mx\/?p=17989","title":{"rendered":"\u00a1M\u00e9xico: S\u00ed se puede!"},"content":{"rendered":"\n<p><strong>Columna de Opini\u00f3n<\/strong><\/p>\n\n\n\n<p><strong>Juan Manuel S\u00e1nchez Mac\u00edas<\/strong><\/p>\n\n\n\n<p>Cu\u00e1ntas veces, estimado lector, hemos escuchado el famoso: s\u00ed se puede; sobre todo en el \u00e1mbito del deporte? Muchas! &nbsp;M\u00e1xime cuando nos enfrentamos con grandes potencias deportivas o atletas poderosos. En&nbsp;el acto,&nbsp;surge el famoso grito: s\u00ed se puede y, aunque en contados casos, pero se ha derrotado a esas grandes potencias o&nbsp;a&nbsp;esos atletas de excelencia internacional.<\/p>\n\n\n\n<p>Si esta frase o grito, que sale del alma de las y los mexicanos, lo aplicaramos en todas o en la mayor\u00eda de nuestras actividades, estoy seguro\u00a0de\u00a0que, como pa\u00eds, otra ser\u00eda nuestra historia. S\u00ed, traslademos ese empuje, esas\u00a0ansias\u00a0de ganar,\u00a0ante el poderoso, dentro del deporte,\u00a0a los terrenos laborales, intelectuales, industriales, culturales, pero sobre todo, educativos.<\/p>\n\n\n\n<p>S\u00ed, lamentablemente, en todos esos rubros vamos perdiendo, tenemos el marcador en contra: en lo laboral, aun cuando se acaba de implementar una reforma en ese \u00e1mbito, las condiciones laborales del grueso de nuestra clase obrera&nbsp;son, por dem\u00e1s, precarias, con un salario m\u00ednimo, que apenas si alcanza para que vivan al d\u00eda, en una familia m\u00ednimo de 4 integrantes; en el \u00e1mbito intelectual, son pocos, pero muy pocos, los pensadores mexicanos que han logrado sobresalir&nbsp;y poner el nombre de M\u00e9xico en alto; en el terreno industrial, sabemos que en unas cuantas familias se encuentra el desarrollo de la industria mexicana; y en el campo cultural y educativo, que van de la mano, estamos siendo apabullados en el marcador, sobre todo por estas cifras:&nbsp;En el estudio \u201cH\u00e1bitos de Lectura\u201d, elaborado por la OCDE y la UNESCO,&nbsp;elaborado durante la d\u00e9cada que concluy\u00f3,&nbsp;M\u00e9xico se posicion\u00f3 en el puesto 107 de 108 pa\u00edses, con aproximadamente&nbsp;2&nbsp;libros le\u00eddos anuales por persona.&nbsp;Por si fuera poco, el 40% de los mexicanos jam\u00e1s ha pisado una librer\u00eda, el 13% nunca ha le\u00eddo un libro y el 70% de los mexicanos lee lo mismo que antes o menos, seg\u00fan cifras de la Encuesta Nacional de Lectura del Conaculta.<\/p>\n\n\n\n<p>Todo lo anterior se ha agravado con la crisis sanitaria, a ra\u00edz de la pandemia por el covid 19, perdi\u00e9ndose miles de trabajos, sucumbiendo varios peque\u00f1os negocios, con la deserci\u00f3n de miles de ni\u00f1as y ni\u00f1os, as\u00ed como&nbsp;de&nbsp;j\u00f3venes de las escuelas. Parece que el marcador no pudiera ser m\u00e1s&nbsp;adverso, para M\u00e9xico; bueno, pues es hora de gritar: s\u00ed se puede! Sacando fuerzas de flaqueza, como en el deporte, para empezar a tener logros, luchando, como sociedad y en lo individual, para ser m\u00e1s productivos, en la medida de nuestras posibilidades, para empezar a edificar un M\u00e9xico mejor.<\/p>\n\n\n\n<p>Tan s\u00ed se puede,&nbsp;que la Facultad de Derecho de la UNAM,&nbsp;bajo el liderazgo de su Director, el Dr. Ra\u00fal Contreras Bustamante,&nbsp;est\u00e1 dando muestra de ello, al ser ubicada en el&nbsp;sitio&nbsp;34&nbsp;y como la mejor de Iberoam\u00e9rica, en el rubro de&nbsp;Derecho&nbsp;y&nbsp;Estudios Jur\u00eddicos (Law &amp; Legal Studies), en el QS World University Rankings by Subject 2021, que este a\u00f1o evalu\u00f3 a m\u00e1s de cinco mil instituciones de educaci\u00f3n superior.<\/p>\n\n\n\n<p>Luchemos porque cada vez sean m\u00e1s Facultades y carreras, de todas las Universidades del pa\u00eds, las que contribuyan al fortalecimiento de M\u00e9xico: S\u00ed se puede!\u00a0<\/p>\n\n\n\n<p><strong>*Profesor de Carrera de la Facultad de Derecho de la UNAM<\/strong><\/p>\n","protected":false},"excerpt":{"rendered":"<p>Columna de Opini\u00f3n Juan Manuel S\u00e1nchez Mac\u00edas Cu\u00e1ntas veces, estimado lector, hemos escuchado el famoso: s\u00ed se puede; sobre todo en el \u00e1mbito del deporte? Muchas! &nbsp;M\u00e1xime cuando nos enfrentamos con grandes potencias deportivas o atletas poderosos. En&nbsp;el acto,&nbsp;surge el famoso grito: s\u00ed se puede y, aunque en contados casos, pero se ha derrotado a [&hellip;]<\/p>\n","protected":false},"author":1,"featured_media":387,"comment_status":"open","ping_status":"open","sticky":false,"template":"","format":"standard","meta":{"_jetpack_memberships_contains_paid_content":false,"footnotes":""},"categories":[11],"tags":[],"class_list":["post-17989","post","type-post","status-publish","format-standard","has-post-thumbnail","hentry","category-opinion"],"jetpack_featured_media_url":"https:\/\/encuentroinformativo.com.mx\/wp-content\/uploads\/2020\/03\/7CF8A22B-2764-47BE-8F7F-38FE9E5D6A2F.jpeg","jetpack_sharing_enabled":true,"jetpack_likes_enabled":true,"amp_enabled":true,"_links":{"self":[{"href":"https:\/\/encuentroinformativo.com.mx\/index.php?rest_route=\/wp\/v2\/posts\/17989","targetHints":{"allow":["GET"]}}],"collection":[{"href":"https:\/\/encuentroinformativo.com.mx\/index.php?rest_route=\/wp\/v2\/posts"}],"about":[{"href":"https:\/\/encuentroinformativo.com.mx\/index.php?rest_route=\/wp\/v2\/types\/post"}],"author":[{"embeddable":true,"href":"https:\/\/encuentroinformativo.com.mx\/index.php?rest_route=\/wp\/v2\/users\/1"}],"replies":[{"embeddable":true,"href":"https:\/\/encuentroinformativo.com.mx\/index.php?rest_route=%2Fwp%2Fv2%2Fcomments&post=17989"}],"version-history":[{"count":1,"href":"https:\/\/encuentroinformativo.com.mx\/index.php?rest_route=\/wp\/v2\/posts\/17989\/revisions"}],"predecessor-version":[{"id":17990,"href":"https:\/\/encuentroinformativo.com.mx\/index.php?rest_route=\/wp\/v2\/posts\/17989\/revisions\/17990"}],"wp:featuredmedia":[{"embeddable":true,"href":"https:\/\/encuentroinformativo.com.mx\/index.php?rest_route=\/wp\/v2\/media\/387"}],"wp:attachment":[{"href":"https:\/\/encuentroinformativo.com.mx\/index.php?rest_route=%2Fwp%2Fv2%2Fmedia&parent=17989"}],"wp:term":[{"taxonomy":"category","embeddable":true,"href":"https:\/\/encuentroinformativo.com.mx\/index.php?rest_route=%2Fwp%2Fv2%2Fcategories&post=17989"},{"taxonomy":"post_tag","embeddable":true,"href":"https:\/\/encuentroinformativo.com.mx\/index.php?rest_route=%2Fwp%2Fv2%2Ftags&post=17989"}],"curies":[{"name":"wp","href":"https:\/\/api.w.org\/{rel}","templated":true}]}}