{"id":1799,"date":"2020-04-13T12:07:35","date_gmt":"2020-04-13T17:07:35","guid":{"rendered":"https:\/\/encuentroinformativo.com\/?p=1799"},"modified":"2020-04-13T12:07:37","modified_gmt":"2020-04-13T17:07:37","slug":"pandemia-municipios-adelantados","status":"publish","type":"post","link":"https:\/\/encuentroinformativo.com.mx\/?p=1799","title":{"rendered":"Pandemia: Municipios, adelantados"},"content":{"rendered":"\n<p><strong>Los Politicos<\/strong><\/p>\n\n\n\n<p><strong>Salvador Mu\u00f1oz<\/strong><br><\/p>\n\n\n\n<p>Con afecto, a Citlali Medell\u00edn, alcaldesa de Tamiahua<br><\/p>\n\n\n\n<p>La se\u00f1ora se meti\u00f3 a la fila justo entre la Sana Distancia de una persona con otra. El se\u00f1or que estaba delante de m\u00ed, le dijo que ten\u00eda que formarse se\u00f1al\u00e1ndole con el pulgar a la altura del hombro, y cuando me vio, le ped\u00ed que lo hiciera atr\u00e1s de m\u00ed. Campante, la se\u00f1ora se acomod\u00f3 y percib\u00ed que el cesto de sus frutos y verduras pegaba en mi espalda\u2026 la se\u00f1ora no guardaba Sana Distancia, as\u00ed que amablemente le ped\u00ed que tomara como referencia las marcas amarillas en el piso para que tomara su lugar; baj\u00f3 la vista y fue que las percibi\u00f3 y se acomod\u00f3. As\u00ed, la fila empez\u00f3 a avanzar hacia el \u00e1rea de pesaje. Como ocurre en ese negocio, la se\u00f1ora detr\u00e1s de m\u00ed, dej\u00f3 su cesto \u201chaciendo fila\u201d y cada vez que se avanzaba, ahora s\u00ed, le jalaba sus cositas para preservar su lugar\u2026 en una de \u00e9sas, sent\u00ed un ligero golpe a la altura del tend\u00f3n\u2026 era otra se\u00f1ora que empujaba el cesto e invad\u00eda la Sana Distancia. Le expliqu\u00e9 el espacio que deb\u00eda haber entre ella, el cesto y yo; molesta, que regresa el cesto en su lugar y que se retira a otra fila\u2026 estoy seguro que si actuaba del mismo modo, le iban a pedir tambi\u00e9n lo mismo: que guarde su sana distancia\u2026<\/p>\n\n\n\n<p>La Mujer baja a comprar pollo despu\u00e9s de que le ped\u00ed que me diera las indicaciones precisas para que yo lo hiciera: \u201cMe pides un pollo&#8230; rostizado, en adobo, con la salsa aparte; con arroz, sin arroz\u2026\u201d; creo que por eso ella decidi\u00f3 bajar a comprarlo. Me extra\u00f1a que quienes despachan no usen cubrebocas\u2026 pero eso no les impide observar los que la Mujer y yo traemos.<\/p>\n\n\n\n<p>El viernes, estuvieron atascadas las pescader\u00edas de La Rotonda\u2026 \u00a1vamos! ni espacio hab\u00eda para aparcar el carro. En un r\u00e1pido conteo, calculamos que de 20 personas en la calle, s\u00f3lo cuatro tra\u00edan cubrebocas\u2026 sin contarnos.<\/p>\n\n\n\n<p>\u00bfA qu\u00e9 voy con esto?<\/p>\n\n\n\n<p>Me queda claro que hay personas que no est\u00e1n tomando en serio nada: ni cuarentena, ni sana distancia, ni cubrirse la boca, ni lavarse las manos, ni cuidarse, ni protegerse\u2026 \u00a1nada!<\/p>\n\n\n\n<p>Tengo dos dudas:<\/p>\n\n\n\n<p>1) \u00bfHay desidia por parte de nuestras autoridades municipales y de salud para salir a supervisar los espacios donde hay venta de alimentos?<\/p>\n\n\n\n<p>2) \u00bfO no hay el personal suficiente para hacerlo?<\/p>\n\n\n\n<p>Si hubiera que excusar a las autoridades municipales, entonces, cedamos la responsabilidad a las tiendas&#8230;<\/p>\n\n\n\n<p>Me consta que a donde vamos a comprar frutas y verduras, por parte de los empleados de ese lugar, las ganas no paran por mantener la sana distancia y proporcionar gel antibacterial a sus clientes.<\/p>\n\n\n\n<p>Entonces\u2026 \u00bfd\u00f3nde est\u00e1 la falla? \u00a1Exacto! \u00a1En el ciudadano! En estos momentos, hemos sido bombardeados por distintos medios, de las condiciones de la pandemia pero tambi\u00e9n, de las prevenciones contra \u00e9sta. \u00a1Vamos! No hay excusa para acusar ignorancia del tema y s\u00ed elementos suficientes para declararnos negligentes.<\/p>\n\n\n\n<p>Hay quienes critican el papel de sus gobiernos ante esta pandemia\u2026 ya sea a nivel federal (las cr\u00edticas, muy ganadas a pulso) como estatal y municipal\u2026 En lo particular, concedo la raz\u00f3n a todos los cr\u00edticos pero tambi\u00e9n merecen reconocimiento aquellas autoridades que vali\u00e9ndoles madre que las criticaran de locas, paranoicas, aceleradas, arbitrarias, intolerantes, antepusieron el bien com\u00fan (o sea, su pueblo, sus ciudadanos), a esperar \u201cindicaciones\u201d, fueran de L\u00f3pez Gatell o del mismo Presidente\u2026<\/p>\n\n\n\n<p>Ejemplos de ello, Tamiahua, Tuxpan, Zongolica, C\u00f3rdoba, Coatzacoalcos, Orizaba y Veracruz, quienes han realizado acciones que van incluso muy por encima de las emprendidas por Gobierno del Estado y hasta Federal\u2026<\/p>\n\n\n\n<p>Insisto: Pueden parecer excesivas, pueden no gustar, pero al final de este evento singular de tinte mundialista, es que se podr\u00e1 sopesar qu\u00e9 tanto vali\u00f3 su esfuerzo\u2026<\/p>\n\n\n\n<p>Mi cu\u00f1ada, la doctora, nos manda una foto\u2026 \u00bfhan visto alguna pel\u00edcula de virus, contagio, \u00a1vamos! sobre epidemias? As\u00ed se ve la cu\u00f1ada, como salida de un filme de \u00e9sos. La Mujer y yo no llegamos a\u00fan a eso\u2026 salimos con un Cubrebocas\u2026 y si bien, el (sub)Secretario de Salud no ha dado indicaciones de que se tenga que usarlo en la v\u00eda p\u00fablica, simplemente aplicamos la misma l\u00f3gica que los municipios arriba citados: M\u00e1s vale pedir perd\u00f3n, que pedir permiso\u2026 la prevenci\u00f3n no est\u00e1 de m\u00e1s.<br><\/p>\n\n\n\n<p><a href=\"mailto:smcainito@gmail.com\" target=\"_blank\" rel=\"noreferrer noopener\">smcainito@gmail.com<\/a><\/p>\n","protected":false},"excerpt":{"rendered":"<p>Los Politicos Salvador Mu\u00f1oz Con afecto, a Citlali Medell\u00edn, alcaldesa de Tamiahua La se\u00f1ora se meti\u00f3 a la fila justo entre la Sana Distancia de una persona con otra. El se\u00f1or que estaba delante de m\u00ed, le dijo que ten\u00eda que formarse se\u00f1al\u00e1ndole con el pulgar a la altura del hombro, y cuando me vio, [&hellip;]<\/p>\n","protected":false},"author":1,"featured_media":70,"comment_status":"open","ping_status":"open","sticky":false,"template":"","format":"standard","meta":{"_jetpack_memberships_contains_paid_content":false,"footnotes":""},"categories":[11],"tags":[],"class_list":["post-1799","post","type-post","status-publish","format-standard","has-post-thumbnail","hentry","category-opinion"],"jetpack_featured_media_url":"https:\/\/encuentroinformativo.com.mx\/wp-content\/uploads\/2020\/02\/opinion-invitado.jpg","jetpack_sharing_enabled":true,"jetpack_likes_enabled":true,"amp_enabled":true,"_links":{"self":[{"href":"https:\/\/encuentroinformativo.com.mx\/index.php?rest_route=\/wp\/v2\/posts\/1799","targetHints":{"allow":["GET"]}}],"collection":[{"href":"https:\/\/encuentroinformativo.com.mx\/index.php?rest_route=\/wp\/v2\/posts"}],"about":[{"href":"https:\/\/encuentroinformativo.com.mx\/index.php?rest_route=\/wp\/v2\/types\/post"}],"author":[{"embeddable":true,"href":"https:\/\/encuentroinformativo.com.mx\/index.php?rest_route=\/wp\/v2\/users\/1"}],"replies":[{"embeddable":true,"href":"https:\/\/encuentroinformativo.com.mx\/index.php?rest_route=%2Fwp%2Fv2%2Fcomments&post=1799"}],"version-history":[{"count":1,"href":"https:\/\/encuentroinformativo.com.mx\/index.php?rest_route=\/wp\/v2\/posts\/1799\/revisions"}],"predecessor-version":[{"id":1800,"href":"https:\/\/encuentroinformativo.com.mx\/index.php?rest_route=\/wp\/v2\/posts\/1799\/revisions\/1800"}],"wp:featuredmedia":[{"embeddable":true,"href":"https:\/\/encuentroinformativo.com.mx\/index.php?rest_route=\/wp\/v2\/media\/70"}],"wp:attachment":[{"href":"https:\/\/encuentroinformativo.com.mx\/index.php?rest_route=%2Fwp%2Fv2%2Fmedia&parent=1799"}],"wp:term":[{"taxonomy":"category","embeddable":true,"href":"https:\/\/encuentroinformativo.com.mx\/index.php?rest_route=%2Fwp%2Fv2%2Fcategories&post=1799"},{"taxonomy":"post_tag","embeddable":true,"href":"https:\/\/encuentroinformativo.com.mx\/index.php?rest_route=%2Fwp%2Fv2%2Ftags&post=1799"}],"curies":[{"name":"wp","href":"https:\/\/api.w.org\/{rel}","templated":true}]}}