{"id":17996,"date":"2021-09-02T12:18:47","date_gmt":"2021-09-02T17:18:47","guid":{"rendered":"https:\/\/encuentroinformativo.com.mx\/?p=17996"},"modified":"2021-09-02T12:18:50","modified_gmt":"2021-09-02T17:18:50","slug":"por-contagios-secundaria-suspende-clases-presenciales","status":"publish","type":"post","link":"https:\/\/encuentroinformativo.com.mx\/?p=17996","title":{"rendered":"Por contagios, secundaria suspende clases presenciales"},"content":{"rendered":"\n<p><strong>Juan Arcos<\/strong><\/p>\n\n\n\n<p>Xalapa, Ver.- Las clases presenciales fueron suspendidas en la escuela secundaria general n\u00famero 3 \u201cAntol\u00edn Torres Mendieta\u201d, en esta ciudad de Xalapa, por contagios de SARS-COV-2 (COVID-19).<\/p>\n\n\n\n<p>De acuerdo con padres de familia, se trata de una maestra y un alumno quienes contrajeron la enfermedad mortal, situaci\u00f3n que gener\u00f3 una gran pol\u00e9mica.<\/p>\n\n\n\n<p>Por tal motivo, toda actividad presencial fue cancelada, de manera temporal, desde el mi\u00e9rcoles 1\u00ba de septiembre, para evitar m\u00e1s contagios de coronavirus y garantizar la salud de la comunidad escolar.<\/p>\n\n\n\n<p>Una madre de familia, quien solicit\u00f3 el anonimato, prefiri\u00f3 no llevar a su hijo a clases presenciales por presuntos casos de COVID-19 al interior del plantel.<\/p>\n\n\n\n<p>\u201cAyer, al o\u00edr la situaci\u00f3n de que un peque\u00f1o tambi\u00e9n est\u00e1 contagiado, me dio mucho miedo y mejor ya no llev\u00e9 a mi hijo\u201d, expres\u00f3.\u00a0<br>La entrevistada coment\u00f3 que los alumnos que llegaron a clases la tarde del mi\u00e9rcoles fueron regresados a sus casas por parte de las autoridades acad\u00e9micas.<\/p>\n\n\n\n<p>\u201cLos regresaron ayer, los regresaron porque ten\u00edan a un ni\u00f1o infectado y hoy ya no llegaron ni los maestros, se ven las luces apagadas en todas las aulas\u201d.<\/p>\n\n\n\n<p>El plantel se encuentra sobre la\u00a0<a href=\"https:\/\/www.google.com\/maps\/search\/privada+Primo+Tapia+n%C3%BAmero+8?entry=gmail&amp;source=g\">privada Primo Tapia n\u00famero 8<\/a>\u00a0de la colonia Emiliano Zapata, ingresando por el circuito Presidentes.\u00a0<br>La madre de familia tambi\u00e9n es comerciante en la zona y se percat\u00f3 de que el lunes pasado regresaron a clases presenciales decenas de estudiantes.<\/p>\n\n\n\n<p>La maestra contagiada hab\u00eda apoyado en el filtro sanitario instalado en la entrada al plantel para el retorno a las aulas.&nbsp;<\/p>\n\n\n\n<p>Hasta el momento las autoridades educativas no se han pronunciado al respecto.<\/p>\n","protected":false},"excerpt":{"rendered":"<p>Juan Arcos Xalapa, Ver.- Las clases presenciales fueron suspendidas en la escuela secundaria general n\u00famero 3 \u201cAntol\u00edn Torres Mendieta\u201d, en esta ciudad de Xalapa, por contagios de SARS-COV-2 (COVID-19). De acuerdo con padres de familia, se trata de una maestra y un alumno quienes contrajeron la enfermedad mortal, situaci\u00f3n que gener\u00f3 una gran pol\u00e9mica. Por [&hellip;]<\/p>\n","protected":false},"author":1,"featured_media":17995,"comment_status":"open","ping_status":"open","sticky":false,"template":"","format":"standard","meta":{"_jetpack_memberships_contains_paid_content":false,"footnotes":""},"categories":[3],"tags":[],"class_list":["post-17996","post","type-post","status-publish","format-standard","has-post-thumbnail","hentry","category-xalapa"],"jetpack_featured_media_url":"https:\/\/encuentroinformativo.com.mx\/wp-content\/uploads\/2021\/09\/2F2FBF5E-1685-4C07-9BFD-579B0A984451.jpeg","jetpack_sharing_enabled":true,"jetpack_likes_enabled":true,"amp_enabled":true,"_links":{"self":[{"href":"https:\/\/encuentroinformativo.com.mx\/index.php?rest_route=\/wp\/v2\/posts\/17996","targetHints":{"allow":["GET"]}}],"collection":[{"href":"https:\/\/encuentroinformativo.com.mx\/index.php?rest_route=\/wp\/v2\/posts"}],"about":[{"href":"https:\/\/encuentroinformativo.com.mx\/index.php?rest_route=\/wp\/v2\/types\/post"}],"author":[{"embeddable":true,"href":"https:\/\/encuentroinformativo.com.mx\/index.php?rest_route=\/wp\/v2\/users\/1"}],"replies":[{"embeddable":true,"href":"https:\/\/encuentroinformativo.com.mx\/index.php?rest_route=%2Fwp%2Fv2%2Fcomments&post=17996"}],"version-history":[{"count":1,"href":"https:\/\/encuentroinformativo.com.mx\/index.php?rest_route=\/wp\/v2\/posts\/17996\/revisions"}],"predecessor-version":[{"id":17997,"href":"https:\/\/encuentroinformativo.com.mx\/index.php?rest_route=\/wp\/v2\/posts\/17996\/revisions\/17997"}],"wp:featuredmedia":[{"embeddable":true,"href":"https:\/\/encuentroinformativo.com.mx\/index.php?rest_route=\/wp\/v2\/media\/17995"}],"wp:attachment":[{"href":"https:\/\/encuentroinformativo.com.mx\/index.php?rest_route=%2Fwp%2Fv2%2Fmedia&parent=17996"}],"wp:term":[{"taxonomy":"category","embeddable":true,"href":"https:\/\/encuentroinformativo.com.mx\/index.php?rest_route=%2Fwp%2Fv2%2Fcategories&post=17996"},{"taxonomy":"post_tag","embeddable":true,"href":"https:\/\/encuentroinformativo.com.mx\/index.php?rest_route=%2Fwp%2Fv2%2Ftags&post=17996"}],"curies":[{"name":"wp","href":"https:\/\/api.w.org\/{rel}","templated":true}]}}