{"id":18001,"date":"2021-09-02T13:51:59","date_gmt":"2021-09-02T18:51:59","guid":{"rendered":"https:\/\/encuentroinformativo.com.mx\/?p=18001"},"modified":"2021-09-02T13:52:02","modified_gmt":"2021-09-02T18:52:02","slug":"amlo-mantiene-niveles-de-aceptacion-defiende-morena","status":"publish","type":"post","link":"https:\/\/encuentroinformativo.com.mx\/?p=18001","title":{"rendered":"AMLO mantiene niveles de aceptaci\u00f3n, defiende Morena"},"content":{"rendered":"\n<p><strong>Alejandro \u00c1vila<\/strong><\/p>\n\n\n\n<p>Veracruz, Ver.- Tras el tercer informe de gobierno del presidente Andr\u00e9s Manuel L\u00f3pez Obrador, la aceptaci\u00f3n y aprobaci\u00f3n sobre la gesti\u00f3n de AMLO se ha mantenido, asegur\u00f3 Yair Ademar Dom\u00ednguez, secretario de Morena en el Estado de Veracruz.<\/p>\n\n\n\n<p>El morenista asegur\u00f3 que a\u00fan con la problem\u00e1tica de la pandemia mundial, los reclamos y dichos en su contra, la preferencia electoral de L\u00f3pez Obrador lo mantiene dos a uno, por arriba del Partido Acci\u00f3n Nacional.<\/p>\n\n\n\n<p>&#8220;El trabajo que se ha estado haciendo ha logrado mantener la preferencia de presidente de la rep\u00fablica, y bueno la preferencia del partido de donde emana el presidente de la rep\u00fablica, que es MORENA, durante todas las acciones que se han estado realizando, a la par de la pandemia como Gobierno Federal (\u2026) la tendencia es que se ha mantenido, se ha mantenido en la preferencia de los ciudadanos&#8221;, subray\u00f3.<\/p>\n\n\n\n<p>Al respecto del apoyo al Estado de Veracruz, mencion\u00f3 que la entidad veracruzana ha sido de las m\u00e1s beneficiadas de los proyectos Jovenes Construyendo el Futuro y Sembrando Vida, a estos \u00faltimos, destac\u00f3 el subsidio directo a productores primarios, sin intermediarios o &#8220;moches&#8221;, por lo que ha sido m\u00e1s f\u00e1cil que completen sus proyectoa productivos.<\/p>\n\n\n\n<p>&#8220;Adicional, Veracruz est\u00e1 siendo sede de uno de los mega proyectos estandartes de la administraci\u00f3n p\u00fablica federal, como lo es el Corredor Interoceanico en el sur del estado, que va a conectar al Golfo de M\u00e9xico con el Pacifico, y que se va a convertir este corredor en una clave mundial para el comercio, porque va a permitir que las mercancias se transporten con menor costo, en menor tiempo, entre el Pacifico y el Golfo de M\u00e9xico&#8221;, remat\u00f3.<\/p>\n","protected":false},"excerpt":{"rendered":"<p>Alejandro \u00c1vila Veracruz, Ver.- Tras el tercer informe de gobierno del presidente Andr\u00e9s Manuel L\u00f3pez Obrador, la aceptaci\u00f3n y aprobaci\u00f3n sobre la gesti\u00f3n de AMLO se ha mantenido, asegur\u00f3 Yair Ademar Dom\u00ednguez, secretario de Morena en el Estado de Veracruz. El morenista asegur\u00f3 que a\u00fan con la problem\u00e1tica de la pandemia mundial, los reclamos y [&hellip;]<\/p>\n","protected":false},"author":1,"featured_media":18002,"comment_status":"open","ping_status":"open","sticky":false,"template":"","format":"standard","meta":{"_jetpack_memberships_contains_paid_content":false,"footnotes":""},"categories":[2],"tags":[],"class_list":["post-18001","post","type-post","status-publish","format-standard","has-post-thumbnail","hentry","category-estado"],"jetpack_featured_media_url":"https:\/\/encuentroinformativo.com.mx\/wp-content\/uploads\/2021\/09\/35D07436-FDAD-4D2A-AF47-CE4ED03C80D6.jpeg","jetpack_sharing_enabled":true,"jetpack_likes_enabled":true,"amp_enabled":true,"_links":{"self":[{"href":"https:\/\/encuentroinformativo.com.mx\/index.php?rest_route=\/wp\/v2\/posts\/18001","targetHints":{"allow":["GET"]}}],"collection":[{"href":"https:\/\/encuentroinformativo.com.mx\/index.php?rest_route=\/wp\/v2\/posts"}],"about":[{"href":"https:\/\/encuentroinformativo.com.mx\/index.php?rest_route=\/wp\/v2\/types\/post"}],"author":[{"embeddable":true,"href":"https:\/\/encuentroinformativo.com.mx\/index.php?rest_route=\/wp\/v2\/users\/1"}],"replies":[{"embeddable":true,"href":"https:\/\/encuentroinformativo.com.mx\/index.php?rest_route=%2Fwp%2Fv2%2Fcomments&post=18001"}],"version-history":[{"count":1,"href":"https:\/\/encuentroinformativo.com.mx\/index.php?rest_route=\/wp\/v2\/posts\/18001\/revisions"}],"predecessor-version":[{"id":18003,"href":"https:\/\/encuentroinformativo.com.mx\/index.php?rest_route=\/wp\/v2\/posts\/18001\/revisions\/18003"}],"wp:featuredmedia":[{"embeddable":true,"href":"https:\/\/encuentroinformativo.com.mx\/index.php?rest_route=\/wp\/v2\/media\/18002"}],"wp:attachment":[{"href":"https:\/\/encuentroinformativo.com.mx\/index.php?rest_route=%2Fwp%2Fv2%2Fmedia&parent=18001"}],"wp:term":[{"taxonomy":"category","embeddable":true,"href":"https:\/\/encuentroinformativo.com.mx\/index.php?rest_route=%2Fwp%2Fv2%2Fcategories&post=18001"},{"taxonomy":"post_tag","embeddable":true,"href":"https:\/\/encuentroinformativo.com.mx\/index.php?rest_route=%2Fwp%2Fv2%2Ftags&post=18001"}],"curies":[{"name":"wp","href":"https:\/\/api.w.org\/{rel}","templated":true}]}}