{"id":18004,"date":"2021-09-02T14:10:59","date_gmt":"2021-09-02T19:10:59","guid":{"rendered":"https:\/\/encuentroinformativo.com.mx\/?p=18004"},"modified":"2021-09-02T14:11:02","modified_gmt":"2021-09-02T19:11:02","slug":"baja-asistencia-de-alumnos-a-escuelas-privadas","status":"publish","type":"post","link":"https:\/\/encuentroinformativo.com.mx\/?p=18004","title":{"rendered":"Baja asistencia de alumnos a escuelas privadas"},"content":{"rendered":"\n<p><strong>Juan Arcos<\/strong> <\/p>\n\n\n\n<p>Xalapa, Ver.- Escuelas particulares del estado de Veracruz recibieron a s\u00f3lo un alumno en el regreso a clases presenciales, esta semana.<\/p>\n\n\n\n<p>De acuerdo con Carlos Luna Escudero, presidente de la Corporaci\u00f3n de Escuelas Particulares del Estado de Veracruz, en promedio, s\u00f3lo el 25 por ciento de los estudiantes retorn\u00f3 a las aulas en el nivel de educaci\u00f3n b\u00e1sica.<\/p>\n\n\n\n<p>\u201cAl menos en las escuelas privadas, todas abrieron pero recibieron a muy pocos alumnos, estamos hablando de grupos de cinco, de ocho, de un alumno, y en muchas no asistieron\u201d, enfatiz\u00f3.<\/p>\n\n\n\n<p>Las escuelas de la zona costera norte del estado, desde Nautla hasta Tamiahua, no abrieron sus puertas por las afectaciones que registraron, tras el paso del hurac\u00e1n \u201cGrace\u201d.<\/p>\n\n\n\n<p>\u201cLa autoridad educativa decidi\u00f3 suspender, por este mismo hecho, el regreso a clases. Estamos esperando que la autoridad educativa determine el regreso a clases\u201d.<\/p>\n\n\n\n<p>Pese a lo anterior, algunas instituciones educativas del nivel b\u00e1sico, analizan llevar a cabo el retorno a clases presenciales el pr\u00f3ximo lunes 5 de septiembre, principalmente las que presentan menores da\u00f1os.<\/p>\n\n\n\n<p>La mayor\u00eda de las universidades particulares no recibieron alumnos, debido a la tercera ola de contagios por la pandemia del SARS-COV-2 (COVID-19).<\/p>\n\n\n\n<p>Se habla de que solo el 20 por ciento de la matr\u00edcula escolar en el nivel superior acudi\u00f3 a clases presenciales, en el \u00e1mbito privado.<\/p>\n\n\n\n<p>\u201cEs un \u00edndice menor que en educaci\u00f3n b\u00e1sica, la gran mayor\u00eda de los alumnos han decidido seguir en l\u00ednea sus clases hasta que culmine la vacunaci\u00f3n para mayores de 18 a\u00f1os, lo que nos hace prever que en pr\u00f3ximos meses se vayan incorpor\u00e1ndose los alumnos, tanto de educaci\u00f3n superior como de educaci\u00f3n b\u00e1sica\u201d, agreg\u00f3 Luna Escudero.<\/p>\n","protected":false},"excerpt":{"rendered":"<p>Juan Arcos Xalapa, Ver.- Escuelas particulares del estado de Veracruz recibieron a s\u00f3lo un alumno en el regreso a clases presenciales, esta semana. De acuerdo con Carlos Luna Escudero, presidente de la Corporaci\u00f3n de Escuelas Particulares del Estado de Veracruz, en promedio, s\u00f3lo el 25 por ciento de los estudiantes retorn\u00f3 a las aulas en [&hellip;]<\/p>\n","protected":false},"author":1,"featured_media":18005,"comment_status":"open","ping_status":"open","sticky":false,"template":"","format":"standard","meta":{"_jetpack_memberships_contains_paid_content":false,"footnotes":""},"categories":[2],"tags":[],"class_list":["post-18004","post","type-post","status-publish","format-standard","has-post-thumbnail","hentry","category-estado"],"jetpack_featured_media_url":"https:\/\/encuentroinformativo.com.mx\/wp-content\/uploads\/2021\/09\/131F1E49-7B8D-42F9-B559-4E20108EECEC.jpeg","jetpack_sharing_enabled":true,"jetpack_likes_enabled":true,"amp_enabled":true,"_links":{"self":[{"href":"https:\/\/encuentroinformativo.com.mx\/index.php?rest_route=\/wp\/v2\/posts\/18004","targetHints":{"allow":["GET"]}}],"collection":[{"href":"https:\/\/encuentroinformativo.com.mx\/index.php?rest_route=\/wp\/v2\/posts"}],"about":[{"href":"https:\/\/encuentroinformativo.com.mx\/index.php?rest_route=\/wp\/v2\/types\/post"}],"author":[{"embeddable":true,"href":"https:\/\/encuentroinformativo.com.mx\/index.php?rest_route=\/wp\/v2\/users\/1"}],"replies":[{"embeddable":true,"href":"https:\/\/encuentroinformativo.com.mx\/index.php?rest_route=%2Fwp%2Fv2%2Fcomments&post=18004"}],"version-history":[{"count":1,"href":"https:\/\/encuentroinformativo.com.mx\/index.php?rest_route=\/wp\/v2\/posts\/18004\/revisions"}],"predecessor-version":[{"id":18006,"href":"https:\/\/encuentroinformativo.com.mx\/index.php?rest_route=\/wp\/v2\/posts\/18004\/revisions\/18006"}],"wp:featuredmedia":[{"embeddable":true,"href":"https:\/\/encuentroinformativo.com.mx\/index.php?rest_route=\/wp\/v2\/media\/18005"}],"wp:attachment":[{"href":"https:\/\/encuentroinformativo.com.mx\/index.php?rest_route=%2Fwp%2Fv2%2Fmedia&parent=18004"}],"wp:term":[{"taxonomy":"category","embeddable":true,"href":"https:\/\/encuentroinformativo.com.mx\/index.php?rest_route=%2Fwp%2Fv2%2Fcategories&post=18004"},{"taxonomy":"post_tag","embeddable":true,"href":"https:\/\/encuentroinformativo.com.mx\/index.php?rest_route=%2Fwp%2Fv2%2Ftags&post=18004"}],"curies":[{"name":"wp","href":"https:\/\/api.w.org\/{rel}","templated":true}]}}