{"id":18007,"date":"2021-09-02T14:42:52","date_gmt":"2021-09-02T19:42:52","guid":{"rendered":"https:\/\/encuentroinformativo.com.mx\/?p=18007"},"modified":"2021-09-02T14:42:56","modified_gmt":"2021-09-02T19:42:56","slug":"pruebas-contra-july-n-son-ilegales-afirma-familia","status":"publish","type":"post","link":"https:\/\/encuentroinformativo.com.mx\/?p=18007","title":{"rendered":"Pruebas contra July \u201cN\u201d son ilegales, afirma familia"},"content":{"rendered":"\n<p><strong>Juan Arcos <\/strong><\/p>\n\n\n\n<p>Coatepec, Ver.- July Raquel \u201cN\u201d cumpli\u00f3 diez meses recluida en el penal de Pacho Viejo, municipio de Coatepec, y este jueves 2 de septiembre sus familiares exigieron nuevamente su liberaci\u00f3n al considerarla inocente.<\/p>\n\n\n\n<p>Su madre Etelvina Garfias Gardu\u00f1o acudi\u00f3 a la audiencia intermedia en las salas de juicios orales, donde su defensa legal expondr\u00e1 al juez que las pruebas de su presunta participaci\u00f3n en el homicidio de Guadalupe Mart\u00ednez Aguilar, rectora de la Universidad Valladolid, fueron obtenidas de manera ilegal y deben excluirse de la carpeta de investigaci\u00f3n.<\/p>\n\n\n\n<p>\u201cCualquier persona que tenga hijos sabe del dolor que estoy pasando al ver a mi hija aqu\u00ed, quiero que me la devuelvan, es un infierno vivir en esto\u201d, expres\u00f3 con la voz entrecortada.<\/p>\n\n\n\n<p>Entre l\u00e1grimas, la mujer record\u00f3 que su hija fue torturada sexualmente por polic\u00edas ministeriales luego de su detenci\u00f3n en la alcald\u00eda de \u00c1lvaro Obreg\u00f3n, en la Ciudad de M\u00e9xico, el pasado 6 de noviembre.<\/p>\n\n\n\n<p>Sin embargo, acus\u00f3 que hasta el momento las autoridades locales no la han apoyado en el caso.<\/p>\n\n\n\n<p>\u201cMe pongo mal porque lamentablemente las autoridades de aqu\u00ed no nos han apoyado en nada, le dieron la audiencia apenas el mes pasado y mi hija lleva diez meses recluida aqu\u00ed&#8230; la Fiscal\u00eda de la tortura no me han querido recibir, en la Fiscal\u00eda de la mujer tampoco, no he tenido respuesta favorable por parte de ellos\u201d.<\/p>\n\n\n\n<p>Cabe recordar que los familiares de la detenida han denunciado que la carpeta de investigaci\u00f3n por el asesinato de la Rectora, el 29 de junio de 2020, presenta diversas inconsistencias.<\/p>\n\n\n\n<p>Incluso, el autom\u00f3vil en el que viajaron los presuntos homicidas, era una unidad que funcionaba como Uber y que July Raque\u00f3 conduc\u00eda, pero desde mayo ella dej\u00f3 de laborar en esa unidad por la pandemia del SARS-COV-2 (COVID-19).<\/p>\n\n\n\n<p>\u201cEn este d\u00eda nada m\u00e1s espero que haya cosas favorables en la audiencia intermedia porque mi hija es inocente y lo voy a decir siempre, mi hija no tuvo nada qu\u00e9 ver en el hecho lamentable qu\u00e9 pas\u00f3 con la se\u00f1ora Rectora, mi hija estaba en la Ciudad de M\u00e9xico el d\u00eda en que pasaron los hechos\u201d, enfatiz\u00f3 su madre.<\/p>\n\n\n\n<p>Por su parte, Melissa Zamora, abogada del Centro de Derechos Humanos Miguel Agust\u00edn ProJu\u00e1rez, indic\u00f3 que contin\u00faa la investigaci\u00f3n por los actos de tortura sexual de la cual fue v\u00edctima July Raquel despu\u00e9s de su detenci\u00f3n.<\/p>\n\n\n\n<p>Desde hace unos meses el seguimiento fue atra\u00eddo por la Comisi\u00f3n Nacional de Derechos Humanos (CNDH) y este d\u00eda se realizar\u00e1 el dictamen m\u00e9dico psicol\u00f3gico con base en el protocolo de Estambul, un medio de prueba importante en el caso.<\/p>\n\n\n\n<p>\u201cEsperamos un avance. El d\u00eda de ayer fue el tercer informe de Gobierno y el Presidente afirmaba que en M\u00e9xico ya no ocurren violaciones a derechos humanos y el caso de July es una muestra de que la tortura sigue siendo utilizada de forma sistem\u00e1tica en nuestro pa\u00eds y por eso es importante que se resuelva el caso\u201d, expres\u00f3 la abogada.<\/p>\n","protected":false},"excerpt":{"rendered":"<p>Juan Arcos Coatepec, Ver.- July Raquel \u201cN\u201d cumpli\u00f3 diez meses recluida en el penal de Pacho Viejo, municipio de Coatepec, y este jueves 2 de septiembre sus familiares exigieron nuevamente su liberaci\u00f3n al considerarla inocente. Su madre Etelvina Garfias Gardu\u00f1o acudi\u00f3 a la audiencia intermedia en las salas de juicios orales, donde su defensa legal [&hellip;]<\/p>\n","protected":false},"author":1,"featured_media":18008,"comment_status":"open","ping_status":"open","sticky":false,"template":"","format":"standard","meta":{"_jetpack_memberships_contains_paid_content":false,"footnotes":""},"categories":[3],"tags":[],"class_list":["post-18007","post","type-post","status-publish","format-standard","has-post-thumbnail","hentry","category-xalapa"],"jetpack_featured_media_url":"https:\/\/encuentroinformativo.com.mx\/wp-content\/uploads\/2021\/09\/9EC536DA-EC57-428D-BB7E-B459F1F25372.jpeg","jetpack_sharing_enabled":true,"jetpack_likes_enabled":true,"amp_enabled":true,"_links":{"self":[{"href":"https:\/\/encuentroinformativo.com.mx\/index.php?rest_route=\/wp\/v2\/posts\/18007","targetHints":{"allow":["GET"]}}],"collection":[{"href":"https:\/\/encuentroinformativo.com.mx\/index.php?rest_route=\/wp\/v2\/posts"}],"about":[{"href":"https:\/\/encuentroinformativo.com.mx\/index.php?rest_route=\/wp\/v2\/types\/post"}],"author":[{"embeddable":true,"href":"https:\/\/encuentroinformativo.com.mx\/index.php?rest_route=\/wp\/v2\/users\/1"}],"replies":[{"embeddable":true,"href":"https:\/\/encuentroinformativo.com.mx\/index.php?rest_route=%2Fwp%2Fv2%2Fcomments&post=18007"}],"version-history":[{"count":1,"href":"https:\/\/encuentroinformativo.com.mx\/index.php?rest_route=\/wp\/v2\/posts\/18007\/revisions"}],"predecessor-version":[{"id":18009,"href":"https:\/\/encuentroinformativo.com.mx\/index.php?rest_route=\/wp\/v2\/posts\/18007\/revisions\/18009"}],"wp:featuredmedia":[{"embeddable":true,"href":"https:\/\/encuentroinformativo.com.mx\/index.php?rest_route=\/wp\/v2\/media\/18008"}],"wp:attachment":[{"href":"https:\/\/encuentroinformativo.com.mx\/index.php?rest_route=%2Fwp%2Fv2%2Fmedia&parent=18007"}],"wp:term":[{"taxonomy":"category","embeddable":true,"href":"https:\/\/encuentroinformativo.com.mx\/index.php?rest_route=%2Fwp%2Fv2%2Fcategories&post=18007"},{"taxonomy":"post_tag","embeddable":true,"href":"https:\/\/encuentroinformativo.com.mx\/index.php?rest_route=%2Fwp%2Fv2%2Ftags&post=18007"}],"curies":[{"name":"wp","href":"https:\/\/api.w.org\/{rel}","templated":true}]}}