{"id":18012,"date":"2021-09-02T16:41:45","date_gmt":"2021-09-02T21:41:45","guid":{"rendered":"https:\/\/encuentroinformativo.com.mx\/?p=18012"},"modified":"2021-09-02T16:41:49","modified_gmt":"2021-09-02T21:41:49","slug":"indigentes-se-niegan-a-vivir-en-albergues-del-dif","status":"publish","type":"post","link":"https:\/\/encuentroinformativo.com.mx\/?p=18012","title":{"rendered":"Indigentes se niegan a vivir en albergues del DIF"},"content":{"rendered":"\n<p><strong>Alejandro \u00c1vila<\/strong><\/p>\n\n\n\n<p>Veracruz, Ver.- El cincuenta por ciento de los indigentes que son apercibidos por el DIF Municipal de Veracruz y trasladados a un albergue para ofrecerles una condici\u00f3n de vida con los servicios b\u00e1sicos, desertan del lugar a los pocos d\u00edas, inform\u00f3 la directora, Yamileth Herrera D\u00edaz.<\/p>\n\n\n\n<p>La funcionaria municipal explic\u00f3 que muchos de ellos presentan alguna adicci\u00f3n, por lo que no se adaptan a la reglas que les proporciona el albergue del DIF para poder ocupar un espacio y deciden marcharse del lugar.<\/p>\n\n\n\n<p>&#8220;Aproximadamente al mes, s\u00ed tenemos entre 10 y 15 personas, s\u00ed acudimos de 10 a 15 reportes mensuales y a veces son reiterativos, cuando llegamos al lugar, suele ser la misma persona que retiramos hace una semana de otro lugar&#8221;, mencion\u00f3.<\/p>\n\n\n\n<p>Herrera D\u00edaz aclar\u00f3 que cuentan con guardias de 24 horas, los siete d\u00edas de la semana, durante todo el a\u00f1o, por lo que al recibir un reporte, es la Procuradur\u00eda de la Defensa del Menor quien inicia el operativo, aunque puntualiz\u00f3 que si la persona no tiene la voluntad de irse, levantarse o retirarse del lugar, ellos no pueden llevarselo a la fuerza, pues estar\u00edan cometiendo un delito.<\/p>\n\n\n\n<p>&#8220;Ya es el estilo de vida, se acostumbran al modo de vivir, de salir, no les gusta estar encerrado en un lugar, depender de alguien y se salen (\u2026) probablemente, reglas de higuiene, de convivencia, tambi\u00e9n hay que ser muy conscientes, en la mayor\u00eda de casos la gente pues est\u00e1 padeciendo de un tipo de enfermedades mentales o tambi\u00e9n alg\u00fan tipo de alcoholismo, drogadicci\u00f3n, entones es mucho m\u00e1s dificil&#8221;, destac\u00f3.<\/p>\n\n\n\n<p>Finalmente, coment\u00f3 que el franelero de 48 a\u00f1os de edad, fallecido la noche de este martes en un edificio del Centro Hist\u00f3rico de la ciudad de Veracruz, fue sepultado este miercoles en el Pante\u00f3n Municipal y fue el Ayuntamiento quien se hizo cargo de todos los gastos funerarios.<\/p>\n","protected":false},"excerpt":{"rendered":"<p>Alejandro \u00c1vila Veracruz, Ver.- El cincuenta por ciento de los indigentes que son apercibidos por el DIF Municipal de Veracruz y trasladados a un albergue para ofrecerles una condici\u00f3n de vida con los servicios b\u00e1sicos, desertan del lugar a los pocos d\u00edas, inform\u00f3 la directora, Yamileth Herrera D\u00edaz. La funcionaria municipal explic\u00f3 que muchos de [&hellip;]<\/p>\n","protected":false},"author":1,"featured_media":18013,"comment_status":"open","ping_status":"open","sticky":false,"template":"","format":"standard","meta":{"_jetpack_memberships_contains_paid_content":false,"footnotes":""},"categories":[2],"tags":[],"class_list":["post-18012","post","type-post","status-publish","format-standard","has-post-thumbnail","hentry","category-estado"],"jetpack_featured_media_url":"https:\/\/encuentroinformativo.com.mx\/wp-content\/uploads\/2021\/09\/D63BC6FC-E6BA-45E9-AD02-7533BAFCAEF8.jpeg","jetpack_sharing_enabled":true,"jetpack_likes_enabled":true,"amp_enabled":true,"_links":{"self":[{"href":"https:\/\/encuentroinformativo.com.mx\/index.php?rest_route=\/wp\/v2\/posts\/18012","targetHints":{"allow":["GET"]}}],"collection":[{"href":"https:\/\/encuentroinformativo.com.mx\/index.php?rest_route=\/wp\/v2\/posts"}],"about":[{"href":"https:\/\/encuentroinformativo.com.mx\/index.php?rest_route=\/wp\/v2\/types\/post"}],"author":[{"embeddable":true,"href":"https:\/\/encuentroinformativo.com.mx\/index.php?rest_route=\/wp\/v2\/users\/1"}],"replies":[{"embeddable":true,"href":"https:\/\/encuentroinformativo.com.mx\/index.php?rest_route=%2Fwp%2Fv2%2Fcomments&post=18012"}],"version-history":[{"count":1,"href":"https:\/\/encuentroinformativo.com.mx\/index.php?rest_route=\/wp\/v2\/posts\/18012\/revisions"}],"predecessor-version":[{"id":18014,"href":"https:\/\/encuentroinformativo.com.mx\/index.php?rest_route=\/wp\/v2\/posts\/18012\/revisions\/18014"}],"wp:featuredmedia":[{"embeddable":true,"href":"https:\/\/encuentroinformativo.com.mx\/index.php?rest_route=\/wp\/v2\/media\/18013"}],"wp:attachment":[{"href":"https:\/\/encuentroinformativo.com.mx\/index.php?rest_route=%2Fwp%2Fv2%2Fmedia&parent=18012"}],"wp:term":[{"taxonomy":"category","embeddable":true,"href":"https:\/\/encuentroinformativo.com.mx\/index.php?rest_route=%2Fwp%2Fv2%2Fcategories&post=18012"},{"taxonomy":"post_tag","embeddable":true,"href":"https:\/\/encuentroinformativo.com.mx\/index.php?rest_route=%2Fwp%2Fv2%2Ftags&post=18012"}],"curies":[{"name":"wp","href":"https:\/\/api.w.org\/{rel}","templated":true}]}}